{"id":1234,"date":"2023-02-24T18:59:24","date_gmt":"2023-02-24T17:59:24","guid":{"rendered":"https:\/\/www.ar-men29.fr\/?p=1234"},"modified":"2023-02-24T18:59:24","modified_gmt":"2023-02-24T17:59:24","slug":"les-leves-et-couchers-de-soleil-en-atlantique-est-et-aussi-en-transatlantique","status":"publish","type":"post","link":"https:\/\/www.ar-men29.fr\/index.php\/2023\/02\/24\/les-leves-et-couchers-de-soleil-en-atlantique-est-et-aussi-en-transatlantique\/","title":{"rendered":"Les lev\u00e9s et couchers de soleil en Atlantique Est et aussi en transatlantique"},"content":{"rendered":"\n<p>Pour r\u00e9aliser des aquarelles, pastels ou autres technique.<\/p>\n\n\n\n<p>Pour r\u00eaver, m\u00e9diter ou prier.<\/p>\n\n\n\n<p>Pour la beaut\u00e9 des couleurs que la nature nous offre<\/p>\n\n\n\n<figure class=\"wp-block-image size-large is-resized\"><img loading=\"lazy\" decoding=\"async\" src=\"https:\/\/www.ar-men29.fr\/wp-content\/uploads\/2023\/02\/IMG_8111-1024x768.jpg\" alt=\"\" class=\"wp-image-1235\" width=\"1093\" height=\"820\" srcset=\"https:\/\/www.ar-men29.fr\/wp-content\/uploads\/2023\/02\/IMG_8111-1024x768.jpg 1024w, https:\/\/www.ar-men29.fr\/wp-content\/uploads\/2023\/02\/IMG_8111-300x225.jpg 300w, https:\/\/www.ar-men29.fr\/wp-content\/uploads\/2023\/02\/IMG_8111-768x576.jpg 768w, https:\/\/www.ar-men29.fr\/wp-content\/uploads\/2023\/02\/IMG_8111-1536x1152.jpg 1536w, https:\/\/www.ar-men29.fr\/wp-content\/uploads\/2023\/02\/IMG_8111-2048x1536.jpg 2048w\" sizes=\"auto, (max-width: 1093px) 100vw, 1093px\" \/><figcaption>Port Louis Morbihan <\/figcaption><\/figure>\n\n\n\n<figure class=\"wp-block-image size-large is-resized\"><img loading=\"lazy\" decoding=\"async\" src=\"https:\/\/www.ar-men29.fr\/wp-content\/uploads\/2023\/02\/IMG_8115-1024x768.jpg\" alt=\"\" class=\"wp-image-1236\" width=\"1082\" height=\"812\" srcset=\"https:\/\/www.ar-men29.fr\/wp-content\/uploads\/2023\/02\/IMG_8115-1024x768.jpg 1024w, https:\/\/www.ar-men29.fr\/wp-content\/uploads\/2023\/02\/IMG_8115-300x225.jpg 300w, https:\/\/www.ar-men29.fr\/wp-content\/uploads\/2023\/02\/IMG_8115-768x576.jpg 768w, https:\/\/www.ar-men29.fr\/wp-content\/uploads\/2023\/02\/IMG_8115-1536x1152.jpg 1536w, https:\/\/www.ar-men29.fr\/wp-content\/uploads\/2023\/02\/IMG_8115-2048x1536.jpg 2048w\" sizes=\"auto, (max-width: 1082px) 100vw, 1082px\" \/><figcaption>Adieu \u00e0 la bretagne le 25 juillet 2022 \u00e0 6h30<\/figcaption><\/figure>\n\n\n\n<figure class=\"wp-block-image size-large is-resized\"><img loading=\"lazy\" decoding=\"async\" src=\"https:\/\/www.ar-men29.fr\/wp-content\/uploads\/2023\/02\/IMG_8120-1024x768.jpg\" alt=\"\" class=\"wp-image-1239\" width=\"1092\" height=\"819\" srcset=\"https:\/\/www.ar-men29.fr\/wp-content\/uploads\/2023\/02\/IMG_8120-1024x768.jpg 1024w, https:\/\/www.ar-men29.fr\/wp-content\/uploads\/2023\/02\/IMG_8120-300x225.jpg 300w, https:\/\/www.ar-men29.fr\/wp-content\/uploads\/2023\/02\/IMG_8120-768x576.jpg 768w, https:\/\/www.ar-men29.fr\/wp-content\/uploads\/2023\/02\/IMG_8120-1536x1152.jpg 1536w, https:\/\/www.ar-men29.fr\/wp-content\/uploads\/2023\/02\/IMG_8120-2048x1536.jpg 2048w\" sizes=\"auto, (max-width: 1092px) 100vw, 1092px\" \/><figcaption>Lever de soleil dans le Golf de Gascogne 27 juillet 2022<\/figcaption><\/figure>\n\n\n\n<figure class=\"wp-block-image size-large is-resized\"><img loading=\"lazy\" decoding=\"async\" src=\"https:\/\/www.ar-men29.fr\/wp-content\/uploads\/2023\/02\/IMG_8786-1024x768.jpg\" alt=\"\" class=\"wp-image-1240\" width=\"1174\" height=\"881\" srcset=\"https:\/\/www.ar-men29.fr\/wp-content\/uploads\/2023\/02\/IMG_8786-1024x768.jpg 1024w, https:\/\/www.ar-men29.fr\/wp-content\/uploads\/2023\/02\/IMG_8786-300x225.jpg 300w, https:\/\/www.ar-men29.fr\/wp-content\/uploads\/2023\/02\/IMG_8786-768x576.jpg 768w, https:\/\/www.ar-men29.fr\/wp-content\/uploads\/2023\/02\/IMG_8786-1536x1152.jpg 1536w, https:\/\/www.ar-men29.fr\/wp-content\/uploads\/2023\/02\/IMG_8786-2048x1536.jpg 2048w\" sizes=\"auto, (max-width: 1174px) 100vw, 1174px\" \/><figcaption>Coucher de soleil aux Canaries<\/figcaption><\/figure>\n\n\n\n<figure class=\"wp-block-image size-large is-resized\"><img loading=\"lazy\" decoding=\"async\" src=\"https:\/\/www.ar-men29.fr\/wp-content\/uploads\/2023\/02\/IMG_E9074-1024x576.jpg\" alt=\"\" class=\"wp-image-1241\" width=\"1091\" height=\"613\" srcset=\"https:\/\/www.ar-men29.fr\/wp-content\/uploads\/2023\/02\/IMG_E9074-1024x576.jpg 1024w, https:\/\/www.ar-men29.fr\/wp-content\/uploads\/2023\/02\/IMG_E9074-300x169.jpg 300w, https:\/\/www.ar-men29.fr\/wp-content\/uploads\/2023\/02\/IMG_E9074-768x432.jpg 768w, https:\/\/www.ar-men29.fr\/wp-content\/uploads\/2023\/02\/IMG_E9074-1536x864.jpg 1536w, https:\/\/www.ar-men29.fr\/wp-content\/uploads\/2023\/02\/IMG_E9074-2048x1152.jpg 2048w, https:\/\/www.ar-men29.fr\/wp-content\/uploads\/2023\/02\/IMG_E9074-800x450.jpg 800w\" sizes=\"auto, (max-width: 1091px) 100vw, 1091px\" \/><figcaption>Lev\u00e9 de soleil en Transatlantique 17 janvier 2023<\/figcaption><\/figure>\n\n\n\n<figure class=\"wp-block-image size-large is-resized\"><img loading=\"lazy\" decoding=\"async\" src=\"https:\/\/www.ar-men29.fr\/wp-content\/uploads\/2023\/02\/IMG_E9105-1024x586.jpg\" alt=\"\" class=\"wp-image-1242\" width=\"1071\" height=\"612\" srcset=\"https:\/\/www.ar-men29.fr\/wp-content\/uploads\/2023\/02\/IMG_E9105-1024x586.jpg 1024w, https:\/\/www.ar-men29.fr\/wp-content\/uploads\/2023\/02\/IMG_E9105-300x172.jpg 300w, https:\/\/www.ar-men29.fr\/wp-content\/uploads\/2023\/02\/IMG_E9105-768x439.jpg 768w, https:\/\/www.ar-men29.fr\/wp-content\/uploads\/2023\/02\/IMG_E9105-1536x878.jpg 1536w, https:\/\/www.ar-men29.fr\/wp-content\/uploads\/2023\/02\/IMG_E9105-2048x1171.jpg 2048w\" sizes=\"auto, (max-width: 1071px) 100vw, 1071px\" \/><figcaption>Autre lev\u00e9 de soleil en transatlantique 24 janvier 2023<\/figcaption><\/figure>\n\n\n\n<figure class=\"wp-block-image size-large is-resized\"><img loading=\"lazy\" decoding=\"async\" src=\"https:\/\/www.ar-men29.fr\/wp-content\/uploads\/2023\/02\/IMG_E9107-1024x576.jpg\" alt=\"\" class=\"wp-image-1243\" width=\"1080\" height=\"607\" srcset=\"https:\/\/www.ar-men29.fr\/wp-content\/uploads\/2023\/02\/IMG_E9107-1024x576.jpg 1024w, https:\/\/www.ar-men29.fr\/wp-content\/uploads\/2023\/02\/IMG_E9107-300x169.jpg 300w, https:\/\/www.ar-men29.fr\/wp-content\/uploads\/2023\/02\/IMG_E9107-768x432.jpg 768w, https:\/\/www.ar-men29.fr\/wp-content\/uploads\/2023\/02\/IMG_E9107-1536x864.jpg 1536w, https:\/\/www.ar-men29.fr\/wp-content\/uploads\/2023\/02\/IMG_E9107-2048x1152.jpg 2048w, https:\/\/www.ar-men29.fr\/wp-content\/uploads\/2023\/02\/IMG_E9107-800x450.jpg 800w\" sizes=\"auto, (max-width: 1080px) 100vw, 1080px\" \/><figcaption>Coucher de soleil   transatlantique 24 janvier 2023<\/figcaption><\/figure>\n\n\n\n<p>Prochain \u00e9pisodes des lev\u00e9s et couch\u00e9s de soleil en Cara\u00efbes. A suivre..<\/p>\n","protected":false},"excerpt":{"rendered":"<p>Pour r\u00e9aliser des aquarelles, pastels ou autres technique. Pour r\u00eaver, m\u00e9diter ou prier. Pour la beaut\u00e9 des couleurs que la nature nous offre Prochain \u00e9pisodes des lev\u00e9s et couch\u00e9s de soleil en Cara\u00efbes. A suivre..<\/p>\n","protected":false},"author":1,"featured_media":0,"comment_status":"open","ping_status":"open","sticky":false,"template":"","format":"standard","meta":{"footnotes":""},"categories":[12],"tags":[],"class_list":["post-1234","post","type-post","status-publish","format-standard","hentry","category-photos","entry"],"_links":{"self":[{"href":"https:\/\/www.ar-men29.fr\/index.php\/wp-json\/wp\/v2\/posts\/1234","targetHints":{"allow":["GET"]}}],"collection":[{"href":"https:\/\/www.ar-men29.fr\/index.php\/wp-json\/wp\/v2\/posts"}],"about":[{"href":"https:\/\/www.ar-men29.fr\/index.php\/wp-json\/wp\/v2\/types\/post"}],"author":[{"embeddable":true,"href":"https:\/\/www.ar-men29.fr\/index.php\/wp-json\/wp\/v2\/users\/1"}],"replies":[{"embeddable":true,"href":"https:\/\/www.ar-men29.fr\/index.php\/wp-json\/wp\/v2\/comments?post=1234"}],"version-history":[{"count":2,"href":"https:\/\/www.ar-men29.fr\/index.php\/wp-json\/wp\/v2\/posts\/1234\/revisions"}],"predecessor-version":[{"id":1244,"href":"https:\/\/www.ar-men29.fr\/index.php\/wp-json\/wp\/v2\/posts\/1234\/revisions\/1244"}],"wp:attachment":[{"href":"https:\/\/www.ar-men29.fr\/index.php\/wp-json\/wp\/v2\/media?parent=1234"}],"wp:term":[{"taxonomy":"category","embeddable":true,"href":"https:\/\/www.ar-men29.fr\/index.php\/wp-json\/wp\/v2\/categories?post=1234"},{"taxonomy":"post_tag","embeddable":true,"href":"https:\/\/www.ar-men29.fr\/index.php\/wp-json\/wp\/v2\/tags?post=1234"}],"curies":[{"name":"wp","href":"https:\/\/api.w.org\/{rel}","templated":true}]}}