{"id":1304,"date":"2023-03-18T19:52:04","date_gmt":"2023-03-18T18:52:04","guid":{"rendered":"https:\/\/www.ar-men29.fr\/?p=1304"},"modified":"2023-03-18T19:52:04","modified_gmt":"2023-03-18T18:52:04","slug":"carnet-de-bord-du-11-au-20-mars-2023","status":"publish","type":"post","link":"https:\/\/www.ar-men29.fr\/index.php\/2023\/03\/18\/carnet-de-bord-du-11-au-20-mars-2023\/","title":{"rendered":"Carnet de bord du 11 au 20 mars 2023"},"content":{"rendered":"\n<p>Nous arrivons tranquillement \u00e0 Gustavia \u00e0 Saint Barth\u00e9lemy \u00e0 6h30.<\/p>\n\n\n\n<p>Il y a beaucoup de monde au mouillage. Nous cherchons une place pas trop \u00e9loign\u00e9e du port.<\/p>\n\n\n\n<figure class=\"wp-block-image size-large is-resized\"><img loading=\"lazy\" decoding=\"async\" src=\"https:\/\/www.ar-men29.fr\/wp-content\/uploads\/2023\/03\/GOPR5579-1-1024x768.jpg\" alt=\"\" class=\"wp-image-1337\" width=\"1034\" height=\"776\" srcset=\"https:\/\/www.ar-men29.fr\/wp-content\/uploads\/2023\/03\/GOPR5579-1-1024x768.jpg 1024w, https:\/\/www.ar-men29.fr\/wp-content\/uploads\/2023\/03\/GOPR5579-1-300x225.jpg 300w, https:\/\/www.ar-men29.fr\/wp-content\/uploads\/2023\/03\/GOPR5579-1-768x576.jpg 768w, https:\/\/www.ar-men29.fr\/wp-content\/uploads\/2023\/03\/GOPR5579-1-1536x1152.jpg 1536w, https:\/\/www.ar-men29.fr\/wp-content\/uploads\/2023\/03\/GOPR5579-1-2048x1536.jpg 2048w\" sizes=\"auto, (max-width: 1034px) 100vw, 1034px\" \/><figcaption>DCIM\\100GOPRO\\GOPR5579.JPG<\/figcaption><\/figure>\n\n\n\n<p>Je suis devant le rocher rond.<\/p>\n\n\n\n<figure class=\"wp-block-image size-large is-resized\"><img loading=\"lazy\" decoding=\"async\" src=\"https:\/\/www.ar-men29.fr\/wp-content\/uploads\/2023\/03\/GOPR5575-1024x768.jpg\" alt=\"\" class=\"wp-image-1338\" width=\"1021\" height=\"766\" srcset=\"https:\/\/www.ar-men29.fr\/wp-content\/uploads\/2023\/03\/GOPR5575-1024x768.jpg 1024w, https:\/\/www.ar-men29.fr\/wp-content\/uploads\/2023\/03\/GOPR5575-300x225.jpg 300w, https:\/\/www.ar-men29.fr\/wp-content\/uploads\/2023\/03\/GOPR5575-768x576.jpg 768w, https:\/\/www.ar-men29.fr\/wp-content\/uploads\/2023\/03\/GOPR5575-1536x1152.jpg 1536w, https:\/\/www.ar-men29.fr\/wp-content\/uploads\/2023\/03\/GOPR5575-2048x1536.jpg 2048w\" sizes=\"auto, (max-width: 1021px) 100vw, 1021px\" \/><figcaption>La marina Gustavia \u00e0 Saint Barth<\/figcaption><\/figure>\n\n\n\n<p>Nous r\u00e9cup\u00e9rons notre balise (mouchard) de s\u00e9curit\u00e9 pour  l&rsquo;assurance pour la p\u00e9riode des cyclones. Nous n&rsquo;aurons pas le droit d&rsquo;aller au dessus de la Martinique du 15 juin au 30 novembre. Cela ne nous d\u00e9range pas car  nous visiterons le sud des cara\u00efbes pendant cette p\u00e9riode. Pour l&rsquo;instant on monte au maximum, certainement jusqu&rsquo;aux \u00eeles vierges.<\/p>\n\n\n\n<p>Une \u00eele riche de villas, de gros bateaux : moteurs et voiliers. C&rsquo;est la d\u00e9mesure. Mais cela est chic et discret.<\/p>\n\n\n\n<figure class=\"wp-block-image size-large is-resized\"><img loading=\"lazy\" decoding=\"async\" src=\"https:\/\/www.ar-men29.fr\/wp-content\/uploads\/2023\/03\/Gustavia-St-Barth-1024x576.jpg\" alt=\"\" class=\"wp-image-1339\" width=\"1013\" height=\"569\" srcset=\"https:\/\/www.ar-men29.fr\/wp-content\/uploads\/2023\/03\/Gustavia-St-Barth-1024x576.jpg 1024w, https:\/\/www.ar-men29.fr\/wp-content\/uploads\/2023\/03\/Gustavia-St-Barth-300x169.jpg 300w, https:\/\/www.ar-men29.fr\/wp-content\/uploads\/2023\/03\/Gustavia-St-Barth-768x432.jpg 768w, https:\/\/www.ar-men29.fr\/wp-content\/uploads\/2023\/03\/Gustavia-St-Barth-1536x864.jpg 1536w, https:\/\/www.ar-men29.fr\/wp-content\/uploads\/2023\/03\/Gustavia-St-Barth-2048x1152.jpg 2048w, https:\/\/www.ar-men29.fr\/wp-content\/uploads\/2023\/03\/Gustavia-St-Barth-800x450.jpg 800w\" sizes=\"auto, (max-width: 1013px) 100vw, 1013px\" \/><\/figure>\n\n\n\n<p>Nous sommes rest\u00e9s car il y \u00e0 la Bucket Regata \u00e0 la fin de la semaine. (voir la galerie de photos et vid\u00e9os).<\/p>\n\n\n\n<p>Saint barth est tr\u00e8s peupl\u00e9e de villas. Tout est b\u00e9tonn\u00e9 et souvent cach\u00e9 par des v\u00e9g\u00e9taux. Il y a peu d&rsquo;endroit sauvage et ils sont tr\u00e8s \u00e9troit. Parfois c&rsquo;est difficile d&rsquo;y avoir acc\u00e8s car cela est priv\u00e9 ou alors il est impossible de se garer.<\/p>\n\n\n\n<figure class=\"wp-block-image size-large is-resized\"><img loading=\"lazy\" decoding=\"async\" src=\"https:\/\/www.ar-men29.fr\/wp-content\/uploads\/2023\/03\/GOPR5602-1024x768.jpg\" alt=\"\" class=\"wp-image-1340\" width=\"958\" height=\"719\" srcset=\"https:\/\/www.ar-men29.fr\/wp-content\/uploads\/2023\/03\/GOPR5602-1024x768.jpg 1024w, https:\/\/www.ar-men29.fr\/wp-content\/uploads\/2023\/03\/GOPR5602-300x225.jpg 300w, https:\/\/www.ar-men29.fr\/wp-content\/uploads\/2023\/03\/GOPR5602-768x576.jpg 768w, https:\/\/www.ar-men29.fr\/wp-content\/uploads\/2023\/03\/GOPR5602-1536x1152.jpg 1536w, https:\/\/www.ar-men29.fr\/wp-content\/uploads\/2023\/03\/GOPR5602-2048x1536.jpg 2048w\" sizes=\"auto, (max-width: 958px) 100vw, 958px\" \/><figcaption>DCIM\\100GOPRO\\GOPR5602.JPG<\/figcaption><\/figure>\n\n\n\n<p>Bernadette et Patrice m\u00eame s&rsquo;ils ne sont pas tr\u00e8s \u00ab\u00a0start\u00a0\u00bb on \u00e9t\u00e9 sur la tombe de Johnny Hallyday. Ils ont \u00e9t\u00e9 surpris de ne voir que des hommages de fans. Ils ont \u00e9t\u00e9 \u00e9c\u0153ur\u00e9  d&rsquo;apprendre que des fans  les avaient vol\u00e9s.<\/p>\n\n\n\n<figure class=\"wp-block-image size-large is-resized\"><img loading=\"lazy\" decoding=\"async\" src=\"https:\/\/www.ar-men29.fr\/wp-content\/uploads\/2023\/03\/GOPR5584-1024x768.jpg\" alt=\"\" class=\"wp-image-1341\" width=\"980\" height=\"735\" srcset=\"https:\/\/www.ar-men29.fr\/wp-content\/uploads\/2023\/03\/GOPR5584-1024x768.jpg 1024w, https:\/\/www.ar-men29.fr\/wp-content\/uploads\/2023\/03\/GOPR5584-300x225.jpg 300w, https:\/\/www.ar-men29.fr\/wp-content\/uploads\/2023\/03\/GOPR5584-768x576.jpg 768w, https:\/\/www.ar-men29.fr\/wp-content\/uploads\/2023\/03\/GOPR5584-1536x1152.jpg 1536w, https:\/\/www.ar-men29.fr\/wp-content\/uploads\/2023\/03\/GOPR5584-2048x1536.jpg 2048w\" sizes=\"auto, (max-width: 980px) 100vw, 980px\" \/><figcaption>DCIM\\100GOPRO\\GOPR5584.JPG<\/figcaption><\/figure>\n\n\n\n<p>Nous repartons dimanche de bonne heure pour Saint Martin retrouver au Marigot le Patagos.<\/p>\n","protected":false},"excerpt":{"rendered":"<p>Nous arrivons tranquillement \u00e0 Gustavia \u00e0 Saint Barth\u00e9lemy \u00e0 6h30. Il y a beaucoup de monde au mouillage. Nous cherchons une place pas trop \u00e9loign\u00e9e du port. Je suis devant le rocher rond. Nous r\u00e9cup\u00e9rons notre balise (mouchard) de s\u00e9curit\u00e9 pour l&rsquo;assurance pour la p\u00e9riode des cyclones. Nous n&rsquo;aurons pas le droit d&rsquo;aller au dessus [&hellip;]<\/p>\n","protected":false},"author":1,"featured_media":0,"comment_status":"open","ping_status":"open","sticky":false,"template":"","format":"standard","meta":{"footnotes":""},"categories":[5],"tags":[],"class_list":["post-1304","post","type-post","status-publish","format-standard","hentry","category-carnet-de-bord","entry"],"_links":{"self":[{"href":"https:\/\/www.ar-men29.fr\/index.php\/wp-json\/wp\/v2\/posts\/1304","targetHints":{"allow":["GET"]}}],"collection":[{"href":"https:\/\/www.ar-men29.fr\/index.php\/wp-json\/wp\/v2\/posts"}],"about":[{"href":"https:\/\/www.ar-men29.fr\/index.php\/wp-json\/wp\/v2\/types\/post"}],"author":[{"embeddable":true,"href":"https:\/\/www.ar-men29.fr\/index.php\/wp-json\/wp\/v2\/users\/1"}],"replies":[{"embeddable":true,"href":"https:\/\/www.ar-men29.fr\/index.php\/wp-json\/wp\/v2\/comments?post=1304"}],"version-history":[{"count":1,"href":"https:\/\/www.ar-men29.fr\/index.php\/wp-json\/wp\/v2\/posts\/1304\/revisions"}],"predecessor-version":[{"id":1342,"href":"https:\/\/www.ar-men29.fr\/index.php\/wp-json\/wp\/v2\/posts\/1304\/revisions\/1342"}],"wp:attachment":[{"href":"https:\/\/www.ar-men29.fr\/index.php\/wp-json\/wp\/v2\/media?parent=1304"}],"wp:term":[{"taxonomy":"category","embeddable":true,"href":"https:\/\/www.ar-men29.fr\/index.php\/wp-json\/wp\/v2\/categories?post=1304"},{"taxonomy":"post_tag","embeddable":true,"href":"https:\/\/www.ar-men29.fr\/index.php\/wp-json\/wp\/v2\/tags?post=1304"}],"curies":[{"name":"wp","href":"https:\/\/api.w.org\/{rel}","templated":true}]}}