{"id":1811,"date":"2023-06-27T22:43:03","date_gmt":"2023-06-27T20:43:03","guid":{"rendered":"https:\/\/www.ar-men29.fr\/?p=1811"},"modified":"2023-06-27T22:43:03","modified_gmt":"2023-06-27T20:43:03","slug":"balade-en-barque-sur-la-riviere-indienne-en-dominique-2023","status":"publish","type":"post","link":"https:\/\/www.ar-men29.fr\/index.php\/2023\/06\/27\/balade-en-barque-sur-la-riviere-indienne-en-dominique-2023\/","title":{"rendered":"Balade en barque sur la rivi\u00e8re Indienne en Dominique 2023"},"content":{"rendered":"\n<p>Laissez vous glisser sur la rivi\u00e8re indienne, transpercer les yeux par la v\u00e9g\u00e9tation qui se refl\u00e8te dans l&rsquo;eau, la mangrove, les sculptures des racines..<\/p>\n\n\n\n<p> Laissez vous bercer par le bruissement du feuillages et le froufrou des rames. <\/p>\n\n\n\n<p>Laissez vous captiver par la voix d&rsquo;Albert, un passionn\u00e9 de sa rivi\u00e8re Indienne .<\/p>\n\n\n\n<figure class=\"wp-block-embed is-type-video is-provider-youtube wp-block-embed-youtube wp-embed-aspect-16-9 wp-has-aspect-ratio\"><div class=\"wp-block-embed__wrapper\">\n<p class=\"responsive-video-wrap clr\"><iframe loading=\"lazy\" title=\"La rivi\u00e8re Indienne Dominique 2023\" width=\"1200\" height=\"675\" src=\"https:\/\/www.youtube.com\/embed\/pv1_1SQQ088?feature=oembed\" frameborder=\"0\" allow=\"accelerometer; autoplay; clipboard-write; encrypted-media; gyroscope; picture-in-picture; web-share\" allowfullscreen><\/iframe><\/p>\n<\/div><\/figure>\n","protected":false},"excerpt":{"rendered":"<p>Laissez vous glisser sur la rivi\u00e8re indienne, transpercer les yeux par la v\u00e9g\u00e9tation qui se refl\u00e8te dans l&rsquo;eau, la mangrove, les sculptures des racines.. Laissez vous bercer par le bruissement du feuillages et le froufrou des rames. Laissez vous captiver par la voix d&rsquo;Albert, un passionn\u00e9 de sa rivi\u00e8re Indienne .<\/p>\n","protected":false},"author":1,"featured_media":0,"comment_status":"open","ping_status":"open","sticky":false,"template":"","format":"standard","meta":{"footnotes":""},"categories":[9,6],"tags":[],"class_list":["post-1811","post","type-post","status-publish","format-standard","hentry","category-coups-de-coeur","category-les-escales","entry"],"_links":{"self":[{"href":"https:\/\/www.ar-men29.fr\/index.php\/wp-json\/wp\/v2\/posts\/1811","targetHints":{"allow":["GET"]}}],"collection":[{"href":"https:\/\/www.ar-men29.fr\/index.php\/wp-json\/wp\/v2\/posts"}],"about":[{"href":"https:\/\/www.ar-men29.fr\/index.php\/wp-json\/wp\/v2\/types\/post"}],"author":[{"embeddable":true,"href":"https:\/\/www.ar-men29.fr\/index.php\/wp-json\/wp\/v2\/users\/1"}],"replies":[{"embeddable":true,"href":"https:\/\/www.ar-men29.fr\/index.php\/wp-json\/wp\/v2\/comments?post=1811"}],"version-history":[{"count":1,"href":"https:\/\/www.ar-men29.fr\/index.php\/wp-json\/wp\/v2\/posts\/1811\/revisions"}],"predecessor-version":[{"id":1812,"href":"https:\/\/www.ar-men29.fr\/index.php\/wp-json\/wp\/v2\/posts\/1811\/revisions\/1812"}],"wp:attachment":[{"href":"https:\/\/www.ar-men29.fr\/index.php\/wp-json\/wp\/v2\/media?parent=1811"}],"wp:term":[{"taxonomy":"category","embeddable":true,"href":"https:\/\/www.ar-men29.fr\/index.php\/wp-json\/wp\/v2\/categories?post=1811"},{"taxonomy":"post_tag","embeddable":true,"href":"https:\/\/www.ar-men29.fr\/index.php\/wp-json\/wp\/v2\/tags?post=1811"}],"curies":[{"name":"wp","href":"https:\/\/api.w.org\/{rel}","templated":true}]}}