{"id":2392,"date":"2023-10-31T19:47:16","date_gmt":"2023-10-31T18:47:16","guid":{"rendered":"https:\/\/www.ar-men29.fr\/?p=2392"},"modified":"2023-10-31T19:47:16","modified_gmt":"2023-10-31T18:47:16","slug":"galerie-de-photos-de-cariacou","status":"publish","type":"post","link":"https:\/\/www.ar-men29.fr\/index.php\/2023\/10\/31\/galerie-de-photos-de-cariacou\/","title":{"rendered":"Galerie de photos de Cariacou"},"content":{"rendered":"\n<p>Mouillage Tyrrel Bay<\/p>\n\n\n\n<figure class=\"wp-block-image size-large\"><img loading=\"lazy\" decoding=\"async\" width=\"1024\" height=\"576\" src=\"https:\/\/www.ar-men29.fr\/wp-content\/uploads\/2023\/10\/Baie-Tyrell-6-Carriacou-1024x576.jpg\" alt=\"\" class=\"wp-image-2393\" srcset=\"https:\/\/www.ar-men29.fr\/wp-content\/uploads\/2023\/10\/Baie-Tyrell-6-Carriacou-1024x576.jpg 1024w, https:\/\/www.ar-men29.fr\/wp-content\/uploads\/2023\/10\/Baie-Tyrell-6-Carriacou-300x169.jpg 300w, https:\/\/www.ar-men29.fr\/wp-content\/uploads\/2023\/10\/Baie-Tyrell-6-Carriacou-768x432.jpg 768w, https:\/\/www.ar-men29.fr\/wp-content\/uploads\/2023\/10\/Baie-Tyrell-6-Carriacou-1536x864.jpg 1536w, https:\/\/www.ar-men29.fr\/wp-content\/uploads\/2023\/10\/Baie-Tyrell-6-Carriacou-2048x1152.jpg 2048w, https:\/\/www.ar-men29.fr\/wp-content\/uploads\/2023\/10\/Baie-Tyrell-6-Carriacou-800x450.jpg 800w\" sizes=\"auto, (max-width: 1024px) 100vw, 1024px\" \/><\/figure>\n\n\n\n<figure class=\"wp-block-image size-large\"><img loading=\"lazy\" decoding=\"async\" width=\"1024\" height=\"576\" src=\"https:\/\/www.ar-men29.fr\/wp-content\/uploads\/2023\/10\/Baie-Tyrrel-Carriacou4-1024x576.jpg\" alt=\"\" class=\"wp-image-2394\" srcset=\"https:\/\/www.ar-men29.fr\/wp-content\/uploads\/2023\/10\/Baie-Tyrrel-Carriacou4-1024x576.jpg 1024w, https:\/\/www.ar-men29.fr\/wp-content\/uploads\/2023\/10\/Baie-Tyrrel-Carriacou4-300x169.jpg 300w, https:\/\/www.ar-men29.fr\/wp-content\/uploads\/2023\/10\/Baie-Tyrrel-Carriacou4-768x432.jpg 768w, https:\/\/www.ar-men29.fr\/wp-content\/uploads\/2023\/10\/Baie-Tyrrel-Carriacou4-1536x864.jpg 1536w, https:\/\/www.ar-men29.fr\/wp-content\/uploads\/2023\/10\/Baie-Tyrrel-Carriacou4-2048x1152.jpg 2048w, https:\/\/www.ar-men29.fr\/wp-content\/uploads\/2023\/10\/Baie-Tyrrel-Carriacou4-800x450.jpg 800w\" sizes=\"auto, (max-width: 1024px) 100vw, 1024px\" \/><\/figure>\n\n\n\n<p>Vigie du mouillage<\/p>\n\n\n\n<figure class=\"wp-block-image size-large\"><img loading=\"lazy\" decoding=\"async\" width=\"1024\" height=\"576\" src=\"https:\/\/www.ar-men29.fr\/wp-content\/uploads\/2023\/10\/Vigie-bouee-Carriacou-1024x576.jpg\" alt=\"\" class=\"wp-image-2395\" srcset=\"https:\/\/www.ar-men29.fr\/wp-content\/uploads\/2023\/10\/Vigie-bouee-Carriacou-1024x576.jpg 1024w, https:\/\/www.ar-men29.fr\/wp-content\/uploads\/2023\/10\/Vigie-bouee-Carriacou-300x169.jpg 300w, https:\/\/www.ar-men29.fr\/wp-content\/uploads\/2023\/10\/Vigie-bouee-Carriacou-768x432.jpg 768w, https:\/\/www.ar-men29.fr\/wp-content\/uploads\/2023\/10\/Vigie-bouee-Carriacou-1536x864.jpg 1536w, https:\/\/www.ar-men29.fr\/wp-content\/uploads\/2023\/10\/Vigie-bouee-Carriacou-2048x1152.jpg 2048w, https:\/\/www.ar-men29.fr\/wp-content\/uploads\/2023\/10\/Vigie-bouee-Carriacou-800x450.jpg 800w\" sizes=\"auto, (max-width: 1024px) 100vw, 1024px\" \/><\/figure>\n\n\n\n<p>Gosiers (P\u00e9licans) et autres oiseaux p\u00eachent.<\/p>\n\n\n\n<figure class=\"wp-block-image size-large\"><img loading=\"lazy\" decoding=\"async\" width=\"1024\" height=\"576\" src=\"https:\/\/www.ar-men29.fr\/wp-content\/uploads\/2023\/10\/Peche-Gosier-Carriacou-1024x576.jpg\" alt=\"\" class=\"wp-image-2396\" srcset=\"https:\/\/www.ar-men29.fr\/wp-content\/uploads\/2023\/10\/Peche-Gosier-Carriacou-1024x576.jpg 1024w, https:\/\/www.ar-men29.fr\/wp-content\/uploads\/2023\/10\/Peche-Gosier-Carriacou-300x169.jpg 300w, https:\/\/www.ar-men29.fr\/wp-content\/uploads\/2023\/10\/Peche-Gosier-Carriacou-768x432.jpg 768w, https:\/\/www.ar-men29.fr\/wp-content\/uploads\/2023\/10\/Peche-Gosier-Carriacou-1536x864.jpg 1536w, https:\/\/www.ar-men29.fr\/wp-content\/uploads\/2023\/10\/Peche-Gosier-Carriacou-2048x1152.jpg 2048w, https:\/\/www.ar-men29.fr\/wp-content\/uploads\/2023\/10\/Peche-Gosier-Carriacou-800x450.jpg 800w\" sizes=\"auto, (max-width: 1024px) 100vw, 1024px\" \/><\/figure>\n\n\n\n<p>Le chant des poules qui ont pondus nous a fait d\u00e9couvrir un poulailler sur un bateau voisin.(1 = Soleil  le Vent,  2 = Ar-Men )<\/p>\n\n\n\n<figure class=\"wp-block-image size-large\"><img loading=\"lazy\" decoding=\"async\" width=\"1024\" height=\"563\" src=\"https:\/\/www.ar-men29.fr\/wp-content\/uploads\/2023\/10\/image-62-1024x563.png\" alt=\"\" class=\"wp-image-2398\" srcset=\"https:\/\/www.ar-men29.fr\/wp-content\/uploads\/2023\/10\/image-62-1024x563.png 1024w, https:\/\/www.ar-men29.fr\/wp-content\/uploads\/2023\/10\/image-62-300x165.png 300w, https:\/\/www.ar-men29.fr\/wp-content\/uploads\/2023\/10\/image-62-768x423.png 768w, https:\/\/www.ar-men29.fr\/wp-content\/uploads\/2023\/10\/image-62-1536x845.png 1536w, https:\/\/www.ar-men29.fr\/wp-content\/uploads\/2023\/10\/image-62-2048x1127.png 2048w\" sizes=\"auto, (max-width: 1024px) 100vw, 1024px\" \/><figcaption>Poulailler sur bateau voisin<\/figcaption><\/figure>\n\n\n\n<figure class=\"wp-block-image size-large\"><img loading=\"lazy\" decoding=\"async\" width=\"1024\" height=\"692\" src=\"https:\/\/www.ar-men29.fr\/wp-content\/uploads\/2023\/10\/Bateau-Poules-Carriacou01-1024x692.jpg\" alt=\"\" class=\"wp-image-2399\" srcset=\"https:\/\/www.ar-men29.fr\/wp-content\/uploads\/2023\/10\/Bateau-Poules-Carriacou01-1024x692.jpg 1024w, https:\/\/www.ar-men29.fr\/wp-content\/uploads\/2023\/10\/Bateau-Poules-Carriacou01-300x203.jpg 300w, https:\/\/www.ar-men29.fr\/wp-content\/uploads\/2023\/10\/Bateau-Poules-Carriacou01-768x519.jpg 768w, https:\/\/www.ar-men29.fr\/wp-content\/uploads\/2023\/10\/Bateau-Poules-Carriacou01-1536x1037.jpg 1536w, https:\/\/www.ar-men29.fr\/wp-content\/uploads\/2023\/10\/Bateau-Poules-Carriacou01-2048x1383.jpg 2048w\" sizes=\"auto, (max-width: 1024px) 100vw, 1024px\" \/><figcaption>Belle r\u00e9alisation<\/figcaption><\/figure>\n\n\n\n<p>Ballade entre La baie de Tyrrel et la baie Esterre.<\/p>\n\n\n\n<p>Les maisons color\u00e9es construites sur piliers.<\/p>\n\n\n\n<figure class=\"wp-block-image size-large\"><img loading=\"lazy\" decoding=\"async\" width=\"1024\" height=\"576\" src=\"https:\/\/www.ar-men29.fr\/wp-content\/uploads\/2023\/10\/Maison-7-Carriacou-1024x576.jpg\" alt=\"\" class=\"wp-image-2400\" srcset=\"https:\/\/www.ar-men29.fr\/wp-content\/uploads\/2023\/10\/Maison-7-Carriacou-1024x576.jpg 1024w, https:\/\/www.ar-men29.fr\/wp-content\/uploads\/2023\/10\/Maison-7-Carriacou-300x169.jpg 300w, https:\/\/www.ar-men29.fr\/wp-content\/uploads\/2023\/10\/Maison-7-Carriacou-768x432.jpg 768w, https:\/\/www.ar-men29.fr\/wp-content\/uploads\/2023\/10\/Maison-7-Carriacou-1536x864.jpg 1536w, https:\/\/www.ar-men29.fr\/wp-content\/uploads\/2023\/10\/Maison-7-Carriacou-2048x1152.jpg 2048w, https:\/\/www.ar-men29.fr\/wp-content\/uploads\/2023\/10\/Maison-7-Carriacou-800x450.jpg 800w\" sizes=\"auto, (max-width: 1024px) 100vw, 1024px\" \/><\/figure>\n\n\n\n<figure class=\"wp-block-image size-large\"><img loading=\"lazy\" decoding=\"async\" width=\"1024\" height=\"576\" src=\"https:\/\/www.ar-men29.fr\/wp-content\/uploads\/2023\/10\/Maison6-Carriacou-1024x576.jpg\" alt=\"\" class=\"wp-image-2401\" srcset=\"https:\/\/www.ar-men29.fr\/wp-content\/uploads\/2023\/10\/Maison6-Carriacou-1024x576.jpg 1024w, https:\/\/www.ar-men29.fr\/wp-content\/uploads\/2023\/10\/Maison6-Carriacou-300x169.jpg 300w, https:\/\/www.ar-men29.fr\/wp-content\/uploads\/2023\/10\/Maison6-Carriacou-768x432.jpg 768w, https:\/\/www.ar-men29.fr\/wp-content\/uploads\/2023\/10\/Maison6-Carriacou-1536x864.jpg 1536w, https:\/\/www.ar-men29.fr\/wp-content\/uploads\/2023\/10\/Maison6-Carriacou-2048x1152.jpg 2048w, https:\/\/www.ar-men29.fr\/wp-content\/uploads\/2023\/10\/Maison6-Carriacou-800x450.jpg 800w\" sizes=\"auto, (max-width: 1024px) 100vw, 1024px\" \/><\/figure>\n\n\n\n<figure class=\"wp-block-image size-large\"><img loading=\"lazy\" decoding=\"async\" width=\"1024\" height=\"576\" src=\"https:\/\/www.ar-men29.fr\/wp-content\/uploads\/2023\/10\/Maison-Cabri-Carriacou-1024x576.jpg\" alt=\"\" class=\"wp-image-2402\" srcset=\"https:\/\/www.ar-men29.fr\/wp-content\/uploads\/2023\/10\/Maison-Cabri-Carriacou-1024x576.jpg 1024w, https:\/\/www.ar-men29.fr\/wp-content\/uploads\/2023\/10\/Maison-Cabri-Carriacou-300x169.jpg 300w, https:\/\/www.ar-men29.fr\/wp-content\/uploads\/2023\/10\/Maison-Cabri-Carriacou-768x432.jpg 768w, https:\/\/www.ar-men29.fr\/wp-content\/uploads\/2023\/10\/Maison-Cabri-Carriacou-1536x864.jpg 1536w, https:\/\/www.ar-men29.fr\/wp-content\/uploads\/2023\/10\/Maison-Cabri-Carriacou-2048x1152.jpg 2048w, https:\/\/www.ar-men29.fr\/wp-content\/uploads\/2023\/10\/Maison-Cabri-Carriacou-800x450.jpg 800w\" sizes=\"auto, (max-width: 1024px) 100vw, 1024px\" \/><\/figure>\n\n\n\n<figure class=\"wp-block-image size-large\"><img loading=\"lazy\" decoding=\"async\" width=\"1024\" height=\"576\" src=\"https:\/\/www.ar-men29.fr\/wp-content\/uploads\/2023\/10\/Maison3-Carriacou-1024x576.jpg\" alt=\"\" class=\"wp-image-2404\" srcset=\"https:\/\/www.ar-men29.fr\/wp-content\/uploads\/2023\/10\/Maison3-Carriacou-1024x576.jpg 1024w, https:\/\/www.ar-men29.fr\/wp-content\/uploads\/2023\/10\/Maison3-Carriacou-300x169.jpg 300w, https:\/\/www.ar-men29.fr\/wp-content\/uploads\/2023\/10\/Maison3-Carriacou-768x432.jpg 768w, https:\/\/www.ar-men29.fr\/wp-content\/uploads\/2023\/10\/Maison3-Carriacou-1536x864.jpg 1536w, https:\/\/www.ar-men29.fr\/wp-content\/uploads\/2023\/10\/Maison3-Carriacou-2048x1152.jpg 2048w, https:\/\/www.ar-men29.fr\/wp-content\/uploads\/2023\/10\/Maison3-Carriacou-800x450.jpg 800w\" sizes=\"auto, (max-width: 1024px) 100vw, 1024px\" \/><\/figure>\n\n\n\n<figure class=\"wp-block-image size-large\"><img loading=\"lazy\" decoding=\"async\" width=\"1024\" height=\"576\" src=\"https:\/\/www.ar-men29.fr\/wp-content\/uploads\/2023\/10\/Maison1-Carriacou-1024x576.jpg\" alt=\"\" class=\"wp-image-2405\" srcset=\"https:\/\/www.ar-men29.fr\/wp-content\/uploads\/2023\/10\/Maison1-Carriacou-1024x576.jpg 1024w, https:\/\/www.ar-men29.fr\/wp-content\/uploads\/2023\/10\/Maison1-Carriacou-300x169.jpg 300w, https:\/\/www.ar-men29.fr\/wp-content\/uploads\/2023\/10\/Maison1-Carriacou-768x432.jpg 768w, https:\/\/www.ar-men29.fr\/wp-content\/uploads\/2023\/10\/Maison1-Carriacou-1536x864.jpg 1536w, https:\/\/www.ar-men29.fr\/wp-content\/uploads\/2023\/10\/Maison1-Carriacou-2048x1152.jpg 2048w, https:\/\/www.ar-men29.fr\/wp-content\/uploads\/2023\/10\/Maison1-Carriacou-800x450.jpg 800w\" sizes=\"auto, (max-width: 1024px) 100vw, 1024px\" \/><\/figure>\n\n\n\n<figure class=\"wp-block-image size-large\"><img loading=\"lazy\" decoding=\"async\" width=\"1024\" height=\"576\" src=\"https:\/\/www.ar-men29.fr\/wp-content\/uploads\/2023\/10\/Maison2-Carriacou-1024x576.jpg\" alt=\"\" class=\"wp-image-2406\" srcset=\"https:\/\/www.ar-men29.fr\/wp-content\/uploads\/2023\/10\/Maison2-Carriacou-1024x576.jpg 1024w, https:\/\/www.ar-men29.fr\/wp-content\/uploads\/2023\/10\/Maison2-Carriacou-300x169.jpg 300w, https:\/\/www.ar-men29.fr\/wp-content\/uploads\/2023\/10\/Maison2-Carriacou-768x432.jpg 768w, https:\/\/www.ar-men29.fr\/wp-content\/uploads\/2023\/10\/Maison2-Carriacou-1536x864.jpg 1536w, https:\/\/www.ar-men29.fr\/wp-content\/uploads\/2023\/10\/Maison2-Carriacou-2048x1152.jpg 2048w, https:\/\/www.ar-men29.fr\/wp-content\/uploads\/2023\/10\/Maison2-Carriacou-800x450.jpg 800w\" sizes=\"auto, (max-width: 1024px) 100vw, 1024px\" \/><\/figure>\n\n\n\n<figure class=\"wp-block-image size-large\"><img loading=\"lazy\" decoding=\"async\" width=\"1024\" height=\"576\" src=\"https:\/\/www.ar-men29.fr\/wp-content\/uploads\/2023\/10\/Maison-Carriacou-1024x576.jpg\" alt=\"\" class=\"wp-image-2407\" srcset=\"https:\/\/www.ar-men29.fr\/wp-content\/uploads\/2023\/10\/Maison-Carriacou-1024x576.jpg 1024w, https:\/\/www.ar-men29.fr\/wp-content\/uploads\/2023\/10\/Maison-Carriacou-300x169.jpg 300w, https:\/\/www.ar-men29.fr\/wp-content\/uploads\/2023\/10\/Maison-Carriacou-768x432.jpg 768w, https:\/\/www.ar-men29.fr\/wp-content\/uploads\/2023\/10\/Maison-Carriacou-1536x864.jpg 1536w, https:\/\/www.ar-men29.fr\/wp-content\/uploads\/2023\/10\/Maison-Carriacou-2048x1152.jpg 2048w, https:\/\/www.ar-men29.fr\/wp-content\/uploads\/2023\/10\/Maison-Carriacou-800x450.jpg 800w\" sizes=\"auto, (max-width: 1024px) 100vw, 1024px\" \/><\/figure>\n\n\n\n<figure class=\"wp-block-image size-large\"><img loading=\"lazy\" decoding=\"async\" width=\"1024\" height=\"576\" src=\"https:\/\/www.ar-men29.fr\/wp-content\/uploads\/2023\/10\/Boutique-Carriacou-1024x576.jpg\" alt=\"\" class=\"wp-image-2411\" srcset=\"https:\/\/www.ar-men29.fr\/wp-content\/uploads\/2023\/10\/Boutique-Carriacou-1024x576.jpg 1024w, https:\/\/www.ar-men29.fr\/wp-content\/uploads\/2023\/10\/Boutique-Carriacou-300x169.jpg 300w, https:\/\/www.ar-men29.fr\/wp-content\/uploads\/2023\/10\/Boutique-Carriacou-768x432.jpg 768w, https:\/\/www.ar-men29.fr\/wp-content\/uploads\/2023\/10\/Boutique-Carriacou-1536x864.jpg 1536w, https:\/\/www.ar-men29.fr\/wp-content\/uploads\/2023\/10\/Boutique-Carriacou-2048x1152.jpg 2048w, https:\/\/www.ar-men29.fr\/wp-content\/uploads\/2023\/10\/Boutique-Carriacou-800x450.jpg 800w\" sizes=\"auto, (max-width: 1024px) 100vw, 1024px\" \/><\/figure>\n\n\n\n<figure class=\"wp-block-image size-large\"><img loading=\"lazy\" decoding=\"async\" width=\"1024\" height=\"576\" src=\"https:\/\/www.ar-men29.fr\/wp-content\/uploads\/2023\/10\/Maison-4-Carriacou-1024x576.jpg\" alt=\"\" class=\"wp-image-2408\" srcset=\"https:\/\/www.ar-men29.fr\/wp-content\/uploads\/2023\/10\/Maison-4-Carriacou-1024x576.jpg 1024w, https:\/\/www.ar-men29.fr\/wp-content\/uploads\/2023\/10\/Maison-4-Carriacou-300x169.jpg 300w, https:\/\/www.ar-men29.fr\/wp-content\/uploads\/2023\/10\/Maison-4-Carriacou-768x432.jpg 768w, https:\/\/www.ar-men29.fr\/wp-content\/uploads\/2023\/10\/Maison-4-Carriacou-1536x864.jpg 1536w, https:\/\/www.ar-men29.fr\/wp-content\/uploads\/2023\/10\/Maison-4-Carriacou-2048x1152.jpg 2048w, https:\/\/www.ar-men29.fr\/wp-content\/uploads\/2023\/10\/Maison-4-Carriacou-800x450.jpg 800w\" sizes=\"auto, (max-width: 1024px) 100vw, 1024px\" \/><\/figure>\n\n\n\n<figure class=\"wp-block-image size-large\"><img loading=\"lazy\" decoding=\"async\" width=\"1024\" height=\"576\" src=\"https:\/\/www.ar-men29.fr\/wp-content\/uploads\/2023\/10\/Maison-Fleurie-Carriacou-1024x576.jpg\" alt=\"\" class=\"wp-image-2421\" srcset=\"https:\/\/www.ar-men29.fr\/wp-content\/uploads\/2023\/10\/Maison-Fleurie-Carriacou-1024x576.jpg 1024w, https:\/\/www.ar-men29.fr\/wp-content\/uploads\/2023\/10\/Maison-Fleurie-Carriacou-300x169.jpg 300w, https:\/\/www.ar-men29.fr\/wp-content\/uploads\/2023\/10\/Maison-Fleurie-Carriacou-768x432.jpg 768w, https:\/\/www.ar-men29.fr\/wp-content\/uploads\/2023\/10\/Maison-Fleurie-Carriacou-1536x864.jpg 1536w, https:\/\/www.ar-men29.fr\/wp-content\/uploads\/2023\/10\/Maison-Fleurie-Carriacou-2048x1152.jpg 2048w, https:\/\/www.ar-men29.fr\/wp-content\/uploads\/2023\/10\/Maison-Fleurie-Carriacou-800x450.jpg 800w\" sizes=\"auto, (max-width: 1024px) 100vw, 1024px\" \/><\/figure>\n\n\n\n<figure class=\"wp-block-image size-large\"><img loading=\"lazy\" decoding=\"async\" width=\"1024\" height=\"576\" src=\"https:\/\/www.ar-men29.fr\/wp-content\/uploads\/2023\/10\/Paysage-Carriacou-1024x576.jpg\" alt=\"\" class=\"wp-image-2409\" srcset=\"https:\/\/www.ar-men29.fr\/wp-content\/uploads\/2023\/10\/Paysage-Carriacou-1024x576.jpg 1024w, https:\/\/www.ar-men29.fr\/wp-content\/uploads\/2023\/10\/Paysage-Carriacou-300x169.jpg 300w, https:\/\/www.ar-men29.fr\/wp-content\/uploads\/2023\/10\/Paysage-Carriacou-768x432.jpg 768w, https:\/\/www.ar-men29.fr\/wp-content\/uploads\/2023\/10\/Paysage-Carriacou-1536x864.jpg 1536w, https:\/\/www.ar-men29.fr\/wp-content\/uploads\/2023\/10\/Paysage-Carriacou-2048x1152.jpg 2048w, https:\/\/www.ar-men29.fr\/wp-content\/uploads\/2023\/10\/Paysage-Carriacou-800x450.jpg 800w\" sizes=\"auto, (max-width: 1024px) 100vw, 1024px\" \/><\/figure>\n\n\n\n<figure class=\"wp-block-image size-large\"><img loading=\"lazy\" decoding=\"async\" width=\"1024\" height=\"576\" src=\"https:\/\/www.ar-men29.fr\/wp-content\/uploads\/2023\/10\/Paysage1Carriacou-1024x576.jpg\" alt=\"\" class=\"wp-image-2410\" srcset=\"https:\/\/www.ar-men29.fr\/wp-content\/uploads\/2023\/10\/Paysage1Carriacou-1024x576.jpg 1024w, https:\/\/www.ar-men29.fr\/wp-content\/uploads\/2023\/10\/Paysage1Carriacou-300x169.jpg 300w, https:\/\/www.ar-men29.fr\/wp-content\/uploads\/2023\/10\/Paysage1Carriacou-768x432.jpg 768w, https:\/\/www.ar-men29.fr\/wp-content\/uploads\/2023\/10\/Paysage1Carriacou-1536x864.jpg 1536w, https:\/\/www.ar-men29.fr\/wp-content\/uploads\/2023\/10\/Paysage1Carriacou-2048x1152.jpg 2048w, https:\/\/www.ar-men29.fr\/wp-content\/uploads\/2023\/10\/Paysage1Carriacou-800x450.jpg 800w\" sizes=\"auto, (max-width: 1024px) 100vw, 1024px\" \/><\/figure>\n\n\n\n<p>La baie Esterre (nous y mouillerons au retour).<\/p>\n\n\n\n<figure class=\"wp-block-image size-large\"><img loading=\"lazy\" decoding=\"async\" width=\"1024\" height=\"576\" src=\"https:\/\/www.ar-men29.fr\/wp-content\/uploads\/2023\/10\/Esterre-Bay-1024x576.jpg\" alt=\"\" class=\"wp-image-2412\" srcset=\"https:\/\/www.ar-men29.fr\/wp-content\/uploads\/2023\/10\/Esterre-Bay-1024x576.jpg 1024w, https:\/\/www.ar-men29.fr\/wp-content\/uploads\/2023\/10\/Esterre-Bay-300x169.jpg 300w, https:\/\/www.ar-men29.fr\/wp-content\/uploads\/2023\/10\/Esterre-Bay-768x432.jpg 768w, https:\/\/www.ar-men29.fr\/wp-content\/uploads\/2023\/10\/Esterre-Bay-1536x864.jpg 1536w, https:\/\/www.ar-men29.fr\/wp-content\/uploads\/2023\/10\/Esterre-Bay-2048x1152.jpg 2048w, https:\/\/www.ar-men29.fr\/wp-content\/uploads\/2023\/10\/Esterre-Bay-800x450.jpg 800w\" sizes=\"auto, (max-width: 1024px) 100vw, 1024px\" \/><\/figure>\n\n\n\n<p>Snorkeling pr\u00e8s de l&rsquo;\u00eelot au milieu de la baie. (mouillage sur bou\u00e9e, r\u00e9serve naturelle)<\/p>\n\n\n\n<figure class=\"wp-block-image size-large\"><img loading=\"lazy\" decoding=\"async\" width=\"1024\" height=\"465\" src=\"https:\/\/www.ar-men29.fr\/wp-content\/uploads\/2023\/10\/image-63-1024x465.png\" alt=\"\" class=\"wp-image-2413\" srcset=\"https:\/\/www.ar-men29.fr\/wp-content\/uploads\/2023\/10\/image-63-1024x465.png 1024w, https:\/\/www.ar-men29.fr\/wp-content\/uploads\/2023\/10\/image-63-300x136.png 300w, https:\/\/www.ar-men29.fr\/wp-content\/uploads\/2023\/10\/image-63-768x349.png 768w, https:\/\/www.ar-men29.fr\/wp-content\/uploads\/2023\/10\/image-63-1536x698.png 1536w, https:\/\/www.ar-men29.fr\/wp-content\/uploads\/2023\/10\/image-63-2048x931.png 2048w\" sizes=\"auto, (max-width: 1024px) 100vw, 1024px\" \/><\/figure>\n\n\n\n<p>Vue sur la partie gauche de la baie<\/p>\n\n\n\n<figure class=\"wp-block-image size-large\"><img loading=\"lazy\" decoding=\"async\" width=\"1024\" height=\"768\" src=\"https:\/\/www.ar-men29.fr\/wp-content\/uploads\/2023\/10\/IMG_0318-1-1024x768.jpg\" alt=\"\" class=\"wp-image-2414\" srcset=\"https:\/\/www.ar-men29.fr\/wp-content\/uploads\/2023\/10\/IMG_0318-1-1024x768.jpg 1024w, https:\/\/www.ar-men29.fr\/wp-content\/uploads\/2023\/10\/IMG_0318-1-300x225.jpg 300w, https:\/\/www.ar-men29.fr\/wp-content\/uploads\/2023\/10\/IMG_0318-1-768x576.jpg 768w, https:\/\/www.ar-men29.fr\/wp-content\/uploads\/2023\/10\/IMG_0318-1-1536x1152.jpg 1536w, https:\/\/www.ar-men29.fr\/wp-content\/uploads\/2023\/10\/IMG_0318-1-2048x1536.jpg 2048w\" sizes=\"auto, (max-width: 1024px) 100vw, 1024px\" \/><\/figure>\n\n\n\n<p>Vue partie droite de la baie<\/p>\n\n\n\n<figure class=\"wp-block-image size-large\"><img loading=\"lazy\" decoding=\"async\" width=\"1024\" height=\"576\" src=\"https:\/\/www.ar-men29.fr\/wp-content\/uploads\/2023\/10\/Esterre-Bay1-1024x576.jpg\" alt=\"\" class=\"wp-image-2415\" srcset=\"https:\/\/www.ar-men29.fr\/wp-content\/uploads\/2023\/10\/Esterre-Bay1-1024x576.jpg 1024w, https:\/\/www.ar-men29.fr\/wp-content\/uploads\/2023\/10\/Esterre-Bay1-300x169.jpg 300w, https:\/\/www.ar-men29.fr\/wp-content\/uploads\/2023\/10\/Esterre-Bay1-768x432.jpg 768w, https:\/\/www.ar-men29.fr\/wp-content\/uploads\/2023\/10\/Esterre-Bay1-1536x864.jpg 1536w, https:\/\/www.ar-men29.fr\/wp-content\/uploads\/2023\/10\/Esterre-Bay1-2048x1152.jpg 2048w, https:\/\/www.ar-men29.fr\/wp-content\/uploads\/2023\/10\/Esterre-Bay1-800x450.jpg 800w\" sizes=\"auto, (max-width: 1024px) 100vw, 1024px\" \/><\/figure>\n\n\n\n<p>Balade le long de la plage<\/p>\n\n\n\n<figure class=\"wp-block-image size-large\"><img loading=\"lazy\" decoding=\"async\" width=\"1024\" height=\"671\" src=\"https:\/\/www.ar-men29.fr\/wp-content\/uploads\/2023\/10\/Esterre03-1024x671.jpg\" alt=\"\" class=\"wp-image-2416\" srcset=\"https:\/\/www.ar-men29.fr\/wp-content\/uploads\/2023\/10\/Esterre03-1024x671.jpg 1024w, https:\/\/www.ar-men29.fr\/wp-content\/uploads\/2023\/10\/Esterre03-300x197.jpg 300w, https:\/\/www.ar-men29.fr\/wp-content\/uploads\/2023\/10\/Esterre03-768x503.jpg 768w, https:\/\/www.ar-men29.fr\/wp-content\/uploads\/2023\/10\/Esterre03-1536x1007.jpg 1536w, https:\/\/www.ar-men29.fr\/wp-content\/uploads\/2023\/10\/Esterre03-2048x1343.jpg 2048w\" sizes=\"auto, (max-width: 1024px) 100vw, 1024px\" \/><\/figure>\n\n\n\n<figure class=\"wp-block-image size-large\"><img loading=\"lazy\" decoding=\"async\" width=\"1024\" height=\"768\" src=\"https:\/\/www.ar-men29.fr\/wp-content\/uploads\/2023\/10\/IMG_0321-1024x768.jpg\" alt=\"\" class=\"wp-image-2417\" srcset=\"https:\/\/www.ar-men29.fr\/wp-content\/uploads\/2023\/10\/IMG_0321-1024x768.jpg 1024w, https:\/\/www.ar-men29.fr\/wp-content\/uploads\/2023\/10\/IMG_0321-300x225.jpg 300w, https:\/\/www.ar-men29.fr\/wp-content\/uploads\/2023\/10\/IMG_0321-768x576.jpg 768w, https:\/\/www.ar-men29.fr\/wp-content\/uploads\/2023\/10\/IMG_0321-1536x1152.jpg 1536w, https:\/\/www.ar-men29.fr\/wp-content\/uploads\/2023\/10\/IMG_0321-2048x1536.jpg 2048w\" sizes=\"auto, (max-width: 1024px) 100vw, 1024px\" \/><\/figure>\n\n\n\n<p>Maison sur la plage<\/p>\n\n\n\n<figure class=\"wp-block-image size-large\"><img loading=\"lazy\" decoding=\"async\" width=\"1024\" height=\"576\" src=\"https:\/\/www.ar-men29.fr\/wp-content\/uploads\/2023\/10\/image-64-1024x576.png\" alt=\"\" class=\"wp-image-2418\" srcset=\"https:\/\/www.ar-men29.fr\/wp-content\/uploads\/2023\/10\/image-64-1024x576.png 1024w, https:\/\/www.ar-men29.fr\/wp-content\/uploads\/2023\/10\/image-64-300x169.png 300w, https:\/\/www.ar-men29.fr\/wp-content\/uploads\/2023\/10\/image-64-768x432.png 768w, https:\/\/www.ar-men29.fr\/wp-content\/uploads\/2023\/10\/image-64-1536x864.png 1536w, https:\/\/www.ar-men29.fr\/wp-content\/uploads\/2023\/10\/image-64-2048x1152.png 2048w, https:\/\/www.ar-men29.fr\/wp-content\/uploads\/2023\/10\/image-64-800x450.png 800w\" sizes=\"auto, (max-width: 1024px) 100vw, 1024px\" \/><\/figure>\n\n\n\n<figure class=\"wp-block-image size-large\"><img loading=\"lazy\" decoding=\"async\" width=\"1024\" height=\"576\" src=\"https:\/\/www.ar-men29.fr\/wp-content\/uploads\/2023\/10\/image-65-1024x576.png\" alt=\"\" class=\"wp-image-2419\" srcset=\"https:\/\/www.ar-men29.fr\/wp-content\/uploads\/2023\/10\/image-65-1024x576.png 1024w, https:\/\/www.ar-men29.fr\/wp-content\/uploads\/2023\/10\/image-65-300x169.png 300w, https:\/\/www.ar-men29.fr\/wp-content\/uploads\/2023\/10\/image-65-768x432.png 768w, https:\/\/www.ar-men29.fr\/wp-content\/uploads\/2023\/10\/image-65-1536x864.png 1536w, https:\/\/www.ar-men29.fr\/wp-content\/uploads\/2023\/10\/image-65-2048x1152.png 2048w, https:\/\/www.ar-men29.fr\/wp-content\/uploads\/2023\/10\/image-65-800x450.png 800w\" sizes=\"auto, (max-width: 1024px) 100vw, 1024px\" \/><\/figure>\n\n\n\n<figure class=\"wp-block-image size-large\"><img loading=\"lazy\" decoding=\"async\" width=\"1024\" height=\"576\" src=\"https:\/\/www.ar-men29.fr\/wp-content\/uploads\/2023\/10\/Maison-plage-Esterre10-1024x576.jpg\" alt=\"\" class=\"wp-image-2420\" srcset=\"https:\/\/www.ar-men29.fr\/wp-content\/uploads\/2023\/10\/Maison-plage-Esterre10-1024x576.jpg 1024w, https:\/\/www.ar-men29.fr\/wp-content\/uploads\/2023\/10\/Maison-plage-Esterre10-300x169.jpg 300w, https:\/\/www.ar-men29.fr\/wp-content\/uploads\/2023\/10\/Maison-plage-Esterre10-768x432.jpg 768w, https:\/\/www.ar-men29.fr\/wp-content\/uploads\/2023\/10\/Maison-plage-Esterre10-1536x864.jpg 1536w, https:\/\/www.ar-men29.fr\/wp-content\/uploads\/2023\/10\/Maison-plage-Esterre10-2048x1152.jpg 2048w, https:\/\/www.ar-men29.fr\/wp-content\/uploads\/2023\/10\/Maison-plage-Esterre10-800x450.jpg 800w\" sizes=\"auto, (max-width: 1024px) 100vw, 1024px\" \/><\/figure>\n\n\n\n<p>des bateaux ont laiss\u00e9 leurs empreintes sur la palissade du restaurant.<\/p>\n\n\n\n<figure class=\"wp-block-image size-large\"><img loading=\"lazy\" decoding=\"async\" width=\"768\" height=\"1024\" src=\"https:\/\/www.ar-men29.fr\/wp-content\/uploads\/2023\/10\/IMG_0322-1-768x1024.jpg\" alt=\"\" class=\"wp-image-2422\" srcset=\"https:\/\/www.ar-men29.fr\/wp-content\/uploads\/2023\/10\/IMG_0322-1-768x1024.jpg 768w, https:\/\/www.ar-men29.fr\/wp-content\/uploads\/2023\/10\/IMG_0322-1-225x300.jpg 225w, https:\/\/www.ar-men29.fr\/wp-content\/uploads\/2023\/10\/IMG_0322-1-1152x1536.jpg 1152w, https:\/\/www.ar-men29.fr\/wp-content\/uploads\/2023\/10\/IMG_0322-1-1536x2048.jpg 1536w, https:\/\/www.ar-men29.fr\/wp-content\/uploads\/2023\/10\/IMG_0322-1-scaled.jpg 1920w\" sizes=\"auto, (max-width: 768px) 100vw, 768px\" \/><figcaption>Noms des bateaux qui ont mang\u00e9s au restaurant et laisser leur empreinte <\/figcaption><\/figure>\n\n\n\n<p>Nous n&rsquo;avons pas fait de peinture on c&rsquo;est fait un coup de bi\u00e8re dans l&rsquo;eau cristalline.<\/p>\n\n\n\n<figure class=\"wp-block-image size-large\"><img loading=\"lazy\" decoding=\"async\" width=\"1024\" height=\"768\" src=\"https:\/\/www.ar-men29.fr\/wp-content\/uploads\/2023\/10\/IMG_0323-1024x768.jpg\" alt=\"\" class=\"wp-image-2423\" srcset=\"https:\/\/www.ar-men29.fr\/wp-content\/uploads\/2023\/10\/IMG_0323-1024x768.jpg 1024w, https:\/\/www.ar-men29.fr\/wp-content\/uploads\/2023\/10\/IMG_0323-300x225.jpg 300w, https:\/\/www.ar-men29.fr\/wp-content\/uploads\/2023\/10\/IMG_0323-768x576.jpg 768w, https:\/\/www.ar-men29.fr\/wp-content\/uploads\/2023\/10\/IMG_0323-1536x1152.jpg 1536w, https:\/\/www.ar-men29.fr\/wp-content\/uploads\/2023\/10\/IMG_0323-2048x1536.jpg 2048w\" sizes=\"auto, (max-width: 1024px) 100vw, 1024px\" \/><figcaption>Elle est pad belle la vie !<\/figcaption><\/figure>\n\n\n\n<p>Et Tchin-tchin \u00e0 vous.<\/p>\n\n\n\n<figure class=\"wp-block-image size-large\"><img loading=\"lazy\" decoding=\"async\" width=\"1024\" height=\"576\" src=\"https:\/\/www.ar-men29.fr\/wp-content\/uploads\/2023\/10\/image-66-1024x576.png\" alt=\"\" class=\"wp-image-2424\" srcset=\"https:\/\/www.ar-men29.fr\/wp-content\/uploads\/2023\/10\/image-66-1024x576.png 1024w, https:\/\/www.ar-men29.fr\/wp-content\/uploads\/2023\/10\/image-66-300x169.png 300w, https:\/\/www.ar-men29.fr\/wp-content\/uploads\/2023\/10\/image-66-768x432.png 768w, https:\/\/www.ar-men29.fr\/wp-content\/uploads\/2023\/10\/image-66-1536x864.png 1536w, https:\/\/www.ar-men29.fr\/wp-content\/uploads\/2023\/10\/image-66-2048x1152.png 2048w, https:\/\/www.ar-men29.fr\/wp-content\/uploads\/2023\/10\/image-66-800x450.png 800w\" sizes=\"auto, (max-width: 1024px) 100vw, 1024px\" \/><\/figure>\n\n\n\n<figure class=\"wp-block-image size-large\"><img loading=\"lazy\" decoding=\"async\" width=\"1024\" height=\"576\" src=\"https:\/\/www.ar-men29.fr\/wp-content\/uploads\/2023\/10\/image-67-1024x576.png\" alt=\"\" class=\"wp-image-2426\" srcset=\"https:\/\/www.ar-men29.fr\/wp-content\/uploads\/2023\/10\/image-67-1024x576.png 1024w, https:\/\/www.ar-men29.fr\/wp-content\/uploads\/2023\/10\/image-67-300x169.png 300w, https:\/\/www.ar-men29.fr\/wp-content\/uploads\/2023\/10\/image-67-768x432.png 768w, https:\/\/www.ar-men29.fr\/wp-content\/uploads\/2023\/10\/image-67-1536x864.png 1536w, https:\/\/www.ar-men29.fr\/wp-content\/uploads\/2023\/10\/image-67-2048x1152.png 2048w, https:\/\/www.ar-men29.fr\/wp-content\/uploads\/2023\/10\/image-67-800x450.png 800w\" sizes=\"auto, (max-width: 1024px) 100vw, 1024px\" \/><\/figure>\n","protected":false},"excerpt":{"rendered":"<p>Mouillage Tyrrel Bay Vigie du mouillage Gosiers (P\u00e9licans) et autres oiseaux p\u00eachent. Le chant des poules qui ont pondus nous a fait d\u00e9couvrir un poulailler sur un bateau voisin.(1 = Soleil le Vent, 2 = Ar-Men ) Ballade entre La baie de Tyrrel et la baie Esterre. Les maisons color\u00e9es construites sur piliers. La baie [&hellip;]<\/p>\n","protected":false},"author":1,"featured_media":0,"comment_status":"open","ping_status":"open","sticky":false,"template":"","format":"standard","meta":{"footnotes":""},"categories":[6,12],"tags":[],"class_list":["post-2392","post","type-post","status-publish","format-standard","hentry","category-les-escales","category-photos","entry"],"_links":{"self":[{"href":"https:\/\/www.ar-men29.fr\/index.php\/wp-json\/wp\/v2\/posts\/2392","targetHints":{"allow":["GET"]}}],"collection":[{"href":"https:\/\/www.ar-men29.fr\/index.php\/wp-json\/wp\/v2\/posts"}],"about":[{"href":"https:\/\/www.ar-men29.fr\/index.php\/wp-json\/wp\/v2\/types\/post"}],"author":[{"embeddable":true,"href":"https:\/\/www.ar-men29.fr\/index.php\/wp-json\/wp\/v2\/users\/1"}],"replies":[{"embeddable":true,"href":"https:\/\/www.ar-men29.fr\/index.php\/wp-json\/wp\/v2\/comments?post=2392"}],"version-history":[{"count":1,"href":"https:\/\/www.ar-men29.fr\/index.php\/wp-json\/wp\/v2\/posts\/2392\/revisions"}],"predecessor-version":[{"id":2427,"href":"https:\/\/www.ar-men29.fr\/index.php\/wp-json\/wp\/v2\/posts\/2392\/revisions\/2427"}],"wp:attachment":[{"href":"https:\/\/www.ar-men29.fr\/index.php\/wp-json\/wp\/v2\/media?parent=2392"}],"wp:term":[{"taxonomy":"category","embeddable":true,"href":"https:\/\/www.ar-men29.fr\/index.php\/wp-json\/wp\/v2\/categories?post=2392"},{"taxonomy":"post_tag","embeddable":true,"href":"https:\/\/www.ar-men29.fr\/index.php\/wp-json\/wp\/v2\/tags?post=2392"}],"curies":[{"name":"wp","href":"https:\/\/api.w.org\/{rel}","templated":true}]}}