{"id":2463,"date":"2023-11-18T13:34:36","date_gmt":"2023-11-18T12:34:36","guid":{"rendered":"https:\/\/www.ar-men29.fr\/?p=2463"},"modified":"2023-11-20T20:29:16","modified_gmt":"2023-11-20T19:29:16","slug":"paysage-de-grenade-galerie-de-photos","status":"publish","type":"post","link":"https:\/\/www.ar-men29.fr\/index.php\/2023\/11\/18\/paysage-de-grenade-galerie-de-photos\/","title":{"rendered":"Paysage de Grenade Galerie de Photos"},"content":{"rendered":"\n<p>Grenade, une tr\u00e8s ancienne colonie Fran\u00e7aise jusqu&rsquo;en 1763 ; c&rsquo;est pourquoi les noms de villages et de baie sont fran\u00e7ais. Seulement 3 % de la population est fran\u00e7aise. Mais si on y parle souvent Anglais, le Cr\u00e9ole-fran\u00e7ais est encore vivant.<\/p>\n\n\n\n<figure class=\"wp-block-image size-large\"><img loading=\"lazy\" decoding=\"async\" width=\"1024\" height=\"576\" src=\"https:\/\/www.ar-men29.fr\/wp-content\/uploads\/2023\/11\/St-Georges1-1024x576.jpg\" alt=\"\" class=\"wp-image-2469\" srcset=\"https:\/\/www.ar-men29.fr\/wp-content\/uploads\/2023\/11\/St-Georges1-1024x576.jpg 1024w, https:\/\/www.ar-men29.fr\/wp-content\/uploads\/2023\/11\/St-Georges1-300x169.jpg 300w, https:\/\/www.ar-men29.fr\/wp-content\/uploads\/2023\/11\/St-Georges1-768x432.jpg 768w, https:\/\/www.ar-men29.fr\/wp-content\/uploads\/2023\/11\/St-Georges1-1536x864.jpg 1536w, https:\/\/www.ar-men29.fr\/wp-content\/uploads\/2023\/11\/St-Georges1-2048x1152.jpg 2048w, https:\/\/www.ar-men29.fr\/wp-content\/uploads\/2023\/11\/St-Georges1-800x450.jpg 800w\" sizes=\"auto, (max-width: 1024px) 100vw, 1024px\" \/><figcaption>St Georges<\/figcaption><\/figure>\n\n\n\n<p>Grenade est une Monarchie Constitutionnelle associ\u00e9e au Commonwealth Britannique. <\/p>\n\n\n\n<p>Elle fait 311 km carr\u00e9 pour 110 000 habitants dont le plus au sommet  \u00ab\u00a0sainte Catherine\u00a0\u00bb culmine \u00e0 840 m\u00e8tres. elle fait 34 km long sur 19 km de large.<\/p>\n\n\n\n<p>C&rsquo;est l&rsquo;\u00e9conomie agricole, la p\u00eache et le tourisme qui fait vivre Grenade.<\/p>\n\n\n\n<figure class=\"wp-block-image size-large\"><img loading=\"lazy\" decoding=\"async\" width=\"1024\" height=\"576\" src=\"https:\/\/www.ar-men29.fr\/wp-content\/uploads\/2023\/11\/Port-de-Pexhe1-St-Geroges-1024x576.jpg\" alt=\"\" class=\"wp-image-2470\" srcset=\"https:\/\/www.ar-men29.fr\/wp-content\/uploads\/2023\/11\/Port-de-Pexhe1-St-Geroges-1024x576.jpg 1024w, https:\/\/www.ar-men29.fr\/wp-content\/uploads\/2023\/11\/Port-de-Pexhe1-St-Geroges-300x169.jpg 300w, https:\/\/www.ar-men29.fr\/wp-content\/uploads\/2023\/11\/Port-de-Pexhe1-St-Geroges-768x432.jpg 768w, https:\/\/www.ar-men29.fr\/wp-content\/uploads\/2023\/11\/Port-de-Pexhe1-St-Geroges-1536x864.jpg 1536w, https:\/\/www.ar-men29.fr\/wp-content\/uploads\/2023\/11\/Port-de-Pexhe1-St-Geroges-2048x1152.jpg 2048w, https:\/\/www.ar-men29.fr\/wp-content\/uploads\/2023\/11\/Port-de-Pexhe1-St-Geroges-800x450.jpg 800w\" sizes=\"auto, (max-width: 1024px) 100vw, 1024px\" \/><figcaption>Port de p\u00eache St George<\/figcaption><\/figure>\n\n\n\n<figure class=\"wp-block-image size-large\"><img loading=\"lazy\" decoding=\"async\" width=\"1024\" height=\"576\" src=\"https:\/\/www.ar-men29.fr\/wp-content\/uploads\/2023\/11\/Eglise-2-St-Georges-1024x576.jpg\" alt=\"\" class=\"wp-image-2471\" srcset=\"https:\/\/www.ar-men29.fr\/wp-content\/uploads\/2023\/11\/Eglise-2-St-Georges-1024x576.jpg 1024w, https:\/\/www.ar-men29.fr\/wp-content\/uploads\/2023\/11\/Eglise-2-St-Georges-300x169.jpg 300w, https:\/\/www.ar-men29.fr\/wp-content\/uploads\/2023\/11\/Eglise-2-St-Georges-768x432.jpg 768w, https:\/\/www.ar-men29.fr\/wp-content\/uploads\/2023\/11\/Eglise-2-St-Georges-1536x864.jpg 1536w, https:\/\/www.ar-men29.fr\/wp-content\/uploads\/2023\/11\/Eglise-2-St-Georges-2048x1152.jpg 2048w, https:\/\/www.ar-men29.fr\/wp-content\/uploads\/2023\/11\/Eglise-2-St-Georges-800x450.jpg 800w\" sizes=\"auto, (max-width: 1024px) 100vw, 1024px\" \/><figcaption>Port de p\u00eache au c\u0153ur de St Georges avec Christ of Deep Statue<\/figcaption><\/figure>\n\n\n\n<p>Beaucoup de voiture circule autour de St George o\u00f9 les gens fourmillent d&rsquo;activit\u00e9s. La campagne est paisible, verdoyante et l\u00e9g\u00e8rement montagneuse d\u00e9s que l&rsquo;on quitte la c\u00f4te.<\/p>\n\n\n\n<figure class=\"wp-block-image size-full\"><img loading=\"lazy\" decoding=\"async\" width=\"800\" height=\"450\" src=\"https:\/\/www.ar-men29.fr\/wp-content\/uploads\/2023\/11\/Paysage4.jpg\" alt=\"\" class=\"wp-image-2474\" srcset=\"https:\/\/www.ar-men29.fr\/wp-content\/uploads\/2023\/11\/Paysage4.jpg 800w, https:\/\/www.ar-men29.fr\/wp-content\/uploads\/2023\/11\/Paysage4-300x169.jpg 300w, https:\/\/www.ar-men29.fr\/wp-content\/uploads\/2023\/11\/Paysage4-768x432.jpg 768w\" sizes=\"auto, (max-width: 800px) 100vw, 800px\" \/><\/figure>\n\n\n\n<figure class=\"wp-block-image size-full\"><img loading=\"lazy\" decoding=\"async\" width=\"800\" height=\"450\" src=\"https:\/\/www.ar-men29.fr\/wp-content\/uploads\/2023\/11\/c2754547-d9f5-4411-8c73-d4f1478d72f7-frame-at-0m8s.jpg\" alt=\"\" class=\"wp-image-2475\" srcset=\"https:\/\/www.ar-men29.fr\/wp-content\/uploads\/2023\/11\/c2754547-d9f5-4411-8c73-d4f1478d72f7-frame-at-0m8s.jpg 800w, https:\/\/www.ar-men29.fr\/wp-content\/uploads\/2023\/11\/c2754547-d9f5-4411-8c73-d4f1478d72f7-frame-at-0m8s-300x169.jpg 300w, https:\/\/www.ar-men29.fr\/wp-content\/uploads\/2023\/11\/c2754547-d9f5-4411-8c73-d4f1478d72f7-frame-at-0m8s-768x432.jpg 768w\" sizes=\"auto, (max-width: 800px) 100vw, 800px\" \/><\/figure>\n\n\n\n<figure class=\"wp-block-image size-full\"><img loading=\"lazy\" decoding=\"async\" width=\"800\" height=\"450\" src=\"https:\/\/www.ar-men29.fr\/wp-content\/uploads\/2023\/11\/Grand-etang-pancarte.jpg\" alt=\"\" class=\"wp-image-2476\" srcset=\"https:\/\/www.ar-men29.fr\/wp-content\/uploads\/2023\/11\/Grand-etang-pancarte.jpg 800w, https:\/\/www.ar-men29.fr\/wp-content\/uploads\/2023\/11\/Grand-etang-pancarte-300x169.jpg 300w, https:\/\/www.ar-men29.fr\/wp-content\/uploads\/2023\/11\/Grand-etang-pancarte-768x432.jpg 768w\" sizes=\"auto, (max-width: 800px) 100vw, 800px\" \/><\/figure>\n\n\n\n<figure class=\"wp-block-image size-full\"><img loading=\"lazy\" decoding=\"async\" width=\"800\" height=\"450\" src=\"https:\/\/www.ar-men29.fr\/wp-content\/uploads\/2023\/11\/Grand-etang.jpg\" alt=\"\" class=\"wp-image-2477\" srcset=\"https:\/\/www.ar-men29.fr\/wp-content\/uploads\/2023\/11\/Grand-etang.jpg 800w, https:\/\/www.ar-men29.fr\/wp-content\/uploads\/2023\/11\/Grand-etang-300x169.jpg 300w, https:\/\/www.ar-men29.fr\/wp-content\/uploads\/2023\/11\/Grand-etang-768x432.jpg 768w\" sizes=\"auto, (max-width: 800px) 100vw, 800px\" \/><\/figure>\n\n\n\n<p>Le lac River Antoine au Nord Est de Grenade<\/p>\n\n\n\n<figure class=\"wp-block-image size-full\"><img loading=\"lazy\" decoding=\"async\" width=\"800\" height=\"450\" src=\"https:\/\/www.ar-men29.fr\/wp-content\/uploads\/2023\/11\/Lake-Antoine.jpg\" alt=\"\" class=\"wp-image-2479\" srcset=\"https:\/\/www.ar-men29.fr\/wp-content\/uploads\/2023\/11\/Lake-Antoine.jpg 800w, https:\/\/www.ar-men29.fr\/wp-content\/uploads\/2023\/11\/Lake-Antoine-300x169.jpg 300w, https:\/\/www.ar-men29.fr\/wp-content\/uploads\/2023\/11\/Lake-Antoine-768x432.jpg 768w\" sizes=\"auto, (max-width: 800px) 100vw, 800px\" \/><\/figure>\n\n\n\n<p>Se sont des anciens crat\u00e8res de volcan.<\/p>\n\n\n\n<p>Les maisons sont tr\u00e8s color\u00e9es comme sur toutes les \u00eeles des Cara\u00efbes mais en meilleures \u00e9tats.<\/p>\n\n\n\n<figure class=\"wp-block-image size-large\"><img loading=\"lazy\" decoding=\"async\" width=\"1024\" height=\"576\" src=\"https:\/\/www.ar-men29.fr\/wp-content\/uploads\/2023\/11\/Maison3-1-1024x576.jpg\" alt=\"\" class=\"wp-image-2480\" srcset=\"https:\/\/www.ar-men29.fr\/wp-content\/uploads\/2023\/11\/Maison3-1-1024x576.jpg 1024w, https:\/\/www.ar-men29.fr\/wp-content\/uploads\/2023\/11\/Maison3-1-300x169.jpg 300w, https:\/\/www.ar-men29.fr\/wp-content\/uploads\/2023\/11\/Maison3-1-768x432.jpg 768w, https:\/\/www.ar-men29.fr\/wp-content\/uploads\/2023\/11\/Maison3-1-1536x864.jpg 1536w, https:\/\/www.ar-men29.fr\/wp-content\/uploads\/2023\/11\/Maison3-1-2048x1152.jpg 2048w, https:\/\/www.ar-men29.fr\/wp-content\/uploads\/2023\/11\/Maison3-1-800x450.jpg 800w\" sizes=\"auto, (max-width: 1024px) 100vw, 1024px\" \/><\/figure>\n\n\n\n<figure class=\"wp-block-image size-full\"><img loading=\"lazy\" decoding=\"async\" width=\"800\" height=\"450\" src=\"https:\/\/www.ar-men29.fr\/wp-content\/uploads\/2023\/11\/Maison2.jpg\" alt=\"\" class=\"wp-image-2481\" srcset=\"https:\/\/www.ar-men29.fr\/wp-content\/uploads\/2023\/11\/Maison2.jpg 800w, https:\/\/www.ar-men29.fr\/wp-content\/uploads\/2023\/11\/Maison2-300x169.jpg 300w, https:\/\/www.ar-men29.fr\/wp-content\/uploads\/2023\/11\/Maison2-768x432.jpg 768w\" sizes=\"auto, (max-width: 800px) 100vw, 800px\" \/><\/figure>\n\n\n\n<figure class=\"wp-block-image size-full\"><img loading=\"lazy\" decoding=\"async\" width=\"800\" height=\"450\" src=\"https:\/\/www.ar-men29.fr\/wp-content\/uploads\/2023\/11\/Maison1.jpg\" alt=\"\" class=\"wp-image-2482\" srcset=\"https:\/\/www.ar-men29.fr\/wp-content\/uploads\/2023\/11\/Maison1.jpg 800w, https:\/\/www.ar-men29.fr\/wp-content\/uploads\/2023\/11\/Maison1-300x169.jpg 300w, https:\/\/www.ar-men29.fr\/wp-content\/uploads\/2023\/11\/Maison1-768x432.jpg 768w\" sizes=\"auto, (max-width: 800px) 100vw, 800px\" \/><\/figure>\n\n\n\n<p>Eglise Anglicane de Tivoli<\/p>\n\n\n\n<figure class=\"wp-block-image size-full\"><img loading=\"lazy\" decoding=\"async\" width=\"800\" height=\"450\" src=\"https:\/\/www.ar-men29.fr\/wp-content\/uploads\/2023\/11\/Eglide-Anglicane-Trivoli.jpg\" alt=\"\" class=\"wp-image-2483\" srcset=\"https:\/\/www.ar-men29.fr\/wp-content\/uploads\/2023\/11\/Eglide-Anglicane-Trivoli.jpg 800w, https:\/\/www.ar-men29.fr\/wp-content\/uploads\/2023\/11\/Eglide-Anglicane-Trivoli-300x169.jpg 300w, https:\/\/www.ar-men29.fr\/wp-content\/uploads\/2023\/11\/Eglide-Anglicane-Trivoli-768x432.jpg 768w\" sizes=\"auto, (max-width: 800px) 100vw, 800px\" \/><\/figure>\n\n\n\n<p>Ancien A\u00e9roport de Grenade en partie d\u00e9truit en 1983 l&rsquo;ors de l&rsquo;invasion des Marines Am\u00e9ricaines.<\/p>\n\n\n\n<figure class=\"wp-block-image size-full\"><img loading=\"lazy\" decoding=\"async\" width=\"800\" height=\"450\" src=\"https:\/\/www.ar-men29.fr\/wp-content\/uploads\/2023\/11\/Aeroport.jpg\" alt=\"\" class=\"wp-image-2484\" srcset=\"https:\/\/www.ar-men29.fr\/wp-content\/uploads\/2023\/11\/Aeroport.jpg 800w, https:\/\/www.ar-men29.fr\/wp-content\/uploads\/2023\/11\/Aeroport-300x169.jpg 300w, https:\/\/www.ar-men29.fr\/wp-content\/uploads\/2023\/11\/Aeroport-768x432.jpg 768w\" sizes=\"auto, (max-width: 800px) 100vw, 800px\" \/><\/figure>\n\n\n\n<p>Sauteurs. Une vue sur les \u00eeles au nord de Grenade<\/p>\n\n\n\n<figure class=\"wp-block-image size-large\"><img loading=\"lazy\" decoding=\"async\" width=\"1024\" height=\"576\" src=\"https:\/\/www.ar-men29.fr\/wp-content\/uploads\/2023\/11\/WhatsApp-Image-2023-11-03-a-11.02.17_6ea46054-1024x576.jpg\" alt=\"\" class=\"wp-image-2485\" srcset=\"https:\/\/www.ar-men29.fr\/wp-content\/uploads\/2023\/11\/WhatsApp-Image-2023-11-03-a-11.02.17_6ea46054-1024x576.jpg 1024w, https:\/\/www.ar-men29.fr\/wp-content\/uploads\/2023\/11\/WhatsApp-Image-2023-11-03-a-11.02.17_6ea46054-300x169.jpg 300w, https:\/\/www.ar-men29.fr\/wp-content\/uploads\/2023\/11\/WhatsApp-Image-2023-11-03-a-11.02.17_6ea46054-768x432.jpg 768w, https:\/\/www.ar-men29.fr\/wp-content\/uploads\/2023\/11\/WhatsApp-Image-2023-11-03-a-11.02.17_6ea46054-1536x864.jpg 1536w, https:\/\/www.ar-men29.fr\/wp-content\/uploads\/2023\/11\/WhatsApp-Image-2023-11-03-a-11.02.17_6ea46054-800x450.jpg 800w, https:\/\/www.ar-men29.fr\/wp-content\/uploads\/2023\/11\/WhatsApp-Image-2023-11-03-a-11.02.17_6ea46054.jpg 1600w\" sizes=\"auto, (max-width: 1024px) 100vw, 1024px\" \/><\/figure>\n\n\n\n<p>\u00cele de droite : Rond Island avec \u00e0 gauche Les Tantes. Derri\u00e8re \u00e0 gauche Carriacou et Union Island \u00e0 droite<\/p>\n\n\n\n<figure class=\"wp-block-image size-full\"><img loading=\"lazy\" decoding=\"async\" width=\"800\" height=\"450\" src=\"https:\/\/www.ar-men29.fr\/wp-content\/uploads\/2023\/11\/Sauteur5.jpg\" alt=\"\" class=\"wp-image-2486\" srcset=\"https:\/\/www.ar-men29.fr\/wp-content\/uploads\/2023\/11\/Sauteur5.jpg 800w, https:\/\/www.ar-men29.fr\/wp-content\/uploads\/2023\/11\/Sauteur5-300x169.jpg 300w, https:\/\/www.ar-men29.fr\/wp-content\/uploads\/2023\/11\/Sauteur5-768x432.jpg 768w\" sizes=\"auto, (max-width: 800px) 100vw, 800px\" \/><\/figure>\n\n\n\n<p>Nous pr\u00e9voyons une escale \u00e0 Sandy Island \u00e0 droite pour faire du Snorkeling si la m\u00e9t\u00e9o le permet.<\/p>\n\n\n\n<figure class=\"wp-block-image size-large\"><img loading=\"lazy\" decoding=\"async\" width=\"1024\" height=\"576\" src=\"https:\/\/www.ar-men29.fr\/wp-content\/uploads\/2023\/11\/WhatsApp-Image-2023-11-03-a-11.02.26_8fdde487-1024x576.jpg\" alt=\"\" class=\"wp-image-2487\" srcset=\"https:\/\/www.ar-men29.fr\/wp-content\/uploads\/2023\/11\/WhatsApp-Image-2023-11-03-a-11.02.26_8fdde487-1024x576.jpg 1024w, https:\/\/www.ar-men29.fr\/wp-content\/uploads\/2023\/11\/WhatsApp-Image-2023-11-03-a-11.02.26_8fdde487-300x169.jpg 300w, https:\/\/www.ar-men29.fr\/wp-content\/uploads\/2023\/11\/WhatsApp-Image-2023-11-03-a-11.02.26_8fdde487-768x432.jpg 768w, https:\/\/www.ar-men29.fr\/wp-content\/uploads\/2023\/11\/WhatsApp-Image-2023-11-03-a-11.02.26_8fdde487-1536x864.jpg 1536w, https:\/\/www.ar-men29.fr\/wp-content\/uploads\/2023\/11\/WhatsApp-Image-2023-11-03-a-11.02.26_8fdde487-800x450.jpg 800w, https:\/\/www.ar-men29.fr\/wp-content\/uploads\/2023\/11\/WhatsApp-Image-2023-11-03-a-11.02.26_8fdde487.jpg 1600w\" sizes=\"auto, (max-width: 1024px) 100vw, 1024px\" \/><\/figure>\n\n\n\n<figure class=\"wp-block-image size-large\"><img loading=\"lazy\" decoding=\"async\" width=\"1024\" height=\"576\" src=\"https:\/\/www.ar-men29.fr\/wp-content\/uploads\/2023\/11\/WhatsApp-Image-2023-11-03-a-11.01.48_a75dadfb-1024x576.jpg\" alt=\"\" class=\"wp-image-2488\" srcset=\"https:\/\/www.ar-men29.fr\/wp-content\/uploads\/2023\/11\/WhatsApp-Image-2023-11-03-a-11.01.48_a75dadfb-1024x576.jpg 1024w, https:\/\/www.ar-men29.fr\/wp-content\/uploads\/2023\/11\/WhatsApp-Image-2023-11-03-a-11.01.48_a75dadfb-300x169.jpg 300w, https:\/\/www.ar-men29.fr\/wp-content\/uploads\/2023\/11\/WhatsApp-Image-2023-11-03-a-11.01.48_a75dadfb-768x432.jpg 768w, https:\/\/www.ar-men29.fr\/wp-content\/uploads\/2023\/11\/WhatsApp-Image-2023-11-03-a-11.01.48_a75dadfb-1536x864.jpg 1536w, https:\/\/www.ar-men29.fr\/wp-content\/uploads\/2023\/11\/WhatsApp-Image-2023-11-03-a-11.01.48_a75dadfb-800x450.jpg 800w, https:\/\/www.ar-men29.fr\/wp-content\/uploads\/2023\/11\/WhatsApp-Image-2023-11-03-a-11.01.48_a75dadfb.jpg 1600w\" sizes=\"auto, (max-width: 1024px) 100vw, 1024px\" \/><\/figure>\n\n\n\n<p>voir la vid\u00e9o<\/p>\n\n\n\n<p>Contact Guide Bruno t\u00e9l : + 1 473 406 5666<\/p>\n","protected":false},"excerpt":{"rendered":"<p>Grenade, une tr\u00e8s ancienne colonie Fran\u00e7aise jusqu&rsquo;en 1763 ; c&rsquo;est pourquoi les noms de villages et de baie sont fran\u00e7ais. Seulement 3 % de la population est fran\u00e7aise. Mais si on y parle souvent Anglais, le Cr\u00e9ole-fran\u00e7ais est encore vivant. Grenade est une Monarchie Constitutionnelle associ\u00e9e au Commonwealth Britannique. Elle fait 311 km carr\u00e9 pour [&hellip;]<\/p>\n","protected":false},"author":1,"featured_media":0,"comment_status":"open","ping_status":"open","sticky":false,"template":"","format":"standard","meta":{"footnotes":""},"categories":[6,12],"tags":[],"class_list":["post-2463","post","type-post","status-publish","format-standard","hentry","category-les-escales","category-photos","entry"],"_links":{"self":[{"href":"https:\/\/www.ar-men29.fr\/index.php\/wp-json\/wp\/v2\/posts\/2463","targetHints":{"allow":["GET"]}}],"collection":[{"href":"https:\/\/www.ar-men29.fr\/index.php\/wp-json\/wp\/v2\/posts"}],"about":[{"href":"https:\/\/www.ar-men29.fr\/index.php\/wp-json\/wp\/v2\/types\/post"}],"author":[{"embeddable":true,"href":"https:\/\/www.ar-men29.fr\/index.php\/wp-json\/wp\/v2\/users\/1"}],"replies":[{"embeddable":true,"href":"https:\/\/www.ar-men29.fr\/index.php\/wp-json\/wp\/v2\/comments?post=2463"}],"version-history":[{"count":6,"href":"https:\/\/www.ar-men29.fr\/index.php\/wp-json\/wp\/v2\/posts\/2463\/revisions"}],"predecessor-version":[{"id":2515,"href":"https:\/\/www.ar-men29.fr\/index.php\/wp-json\/wp\/v2\/posts\/2463\/revisions\/2515"}],"wp:attachment":[{"href":"https:\/\/www.ar-men29.fr\/index.php\/wp-json\/wp\/v2\/media?parent=2463"}],"wp:term":[{"taxonomy":"category","embeddable":true,"href":"https:\/\/www.ar-men29.fr\/index.php\/wp-json\/wp\/v2\/categories?post=2463"},{"taxonomy":"post_tag","embeddable":true,"href":"https:\/\/www.ar-men29.fr\/index.php\/wp-json\/wp\/v2\/tags?post=2463"}],"curies":[{"name":"wp","href":"https:\/\/api.w.org\/{rel}","templated":true}]}}