{"id":3067,"date":"2024-11-06T14:45:12","date_gmt":"2024-11-06T13:45:12","guid":{"rendered":"https:\/\/www.ar-men29.fr\/?p=3067"},"modified":"2024-11-06T14:45:12","modified_gmt":"2024-11-06T13:45:12","slug":"carnet-de-bord-du-10-juillet-au-18-aout-2024","status":"publish","type":"post","link":"https:\/\/www.ar-men29.fr\/index.php\/2024\/11\/06\/carnet-de-bord-du-10-juillet-au-18-aout-2024\/","title":{"rendered":"Carnet de bord du 10 juillet au 18 ao\u00fbt 2024"},"content":{"rendered":"\n<figure class=\"wp-block-image size-large\"><img loading=\"lazy\" decoding=\"async\" width=\"1024\" height=\"576\" src=\"https:\/\/www.ar-men29.fr\/wp-content\/uploads\/2024\/10\/IMG-20240905-WA0035-1024x576.jpg\" alt=\"\" class=\"wp-image-3069\" srcset=\"https:\/\/www.ar-men29.fr\/wp-content\/uploads\/2024\/10\/IMG-20240905-WA0035-1024x576.jpg 1024w, https:\/\/www.ar-men29.fr\/wp-content\/uploads\/2024\/10\/IMG-20240905-WA0035-300x169.jpg 300w, https:\/\/www.ar-men29.fr\/wp-content\/uploads\/2024\/10\/IMG-20240905-WA0035-768x432.jpg 768w, https:\/\/www.ar-men29.fr\/wp-content\/uploads\/2024\/10\/IMG-20240905-WA0035-800x450.jpg 800w, https:\/\/www.ar-men29.fr\/wp-content\/uploads\/2024\/10\/IMG-20240905-WA0035.jpg 1280w\" sizes=\"auto, (max-width: 1024px) 100vw, 1024px\" \/><\/figure>\n\n\n\n<p>C&rsquo;est ici que nous sommes terriens. Au vert apr\u00e8s tout ce bleu.<\/p>\n\n\n\n<figure class=\"wp-block-image size-large\"><img loading=\"lazy\" decoding=\"async\" width=\"1024\" height=\"576\" src=\"https:\/\/www.ar-men29.fr\/wp-content\/uploads\/2024\/11\/Arriere-de-la-maison-1024x576.jpg\" alt=\"\" class=\"wp-image-3071\" srcset=\"https:\/\/www.ar-men29.fr\/wp-content\/uploads\/2024\/11\/Arriere-de-la-maison-1024x576.jpg 1024w, https:\/\/www.ar-men29.fr\/wp-content\/uploads\/2024\/11\/Arriere-de-la-maison-300x169.jpg 300w, https:\/\/www.ar-men29.fr\/wp-content\/uploads\/2024\/11\/Arriere-de-la-maison-768x432.jpg 768w, https:\/\/www.ar-men29.fr\/wp-content\/uploads\/2024\/11\/Arriere-de-la-maison-1536x864.jpg 1536w, https:\/\/www.ar-men29.fr\/wp-content\/uploads\/2024\/11\/Arriere-de-la-maison-2048x1152.jpg 2048w, https:\/\/www.ar-men29.fr\/wp-content\/uploads\/2024\/11\/Arriere-de-la-maison-800x450.jpg 800w\" sizes=\"auto, (max-width: 1024px) 100vw, 1024px\" \/><\/figure>\n\n\n\n<p>Mon amie Laurence qui m&rsquo;appelle \u00ab\u00a0&lsquo;gratte motte\u00a0\u00bb c&rsquo;est donn\u00e9 apr\u00e8s deux ans d&rsquo;eau de mer le plaisir de gratter la terre. Le tour de tous les arbres ont \u00e9t\u00e9 d\u00e9sherber et pailler de copeaux que mon fr\u00e8re et Patrice ont taill\u00e9. Et mamie  les a r\u00e9duits en copeaux avec le broyeur. Le tour de la maison et les plates bandes ont subi le m\u00eame sort.<\/p>\n\n\n\n<figure class=\"wp-block-image size-large\"><img loading=\"lazy\" decoding=\"async\" width=\"1024\" height=\"576\" src=\"https:\/\/www.ar-men29.fr\/wp-content\/uploads\/2024\/11\/Le-puits-1024x576.jpg\" alt=\"\" class=\"wp-image-3072\" srcset=\"https:\/\/www.ar-men29.fr\/wp-content\/uploads\/2024\/11\/Le-puits-1024x576.jpg 1024w, https:\/\/www.ar-men29.fr\/wp-content\/uploads\/2024\/11\/Le-puits-300x169.jpg 300w, https:\/\/www.ar-men29.fr\/wp-content\/uploads\/2024\/11\/Le-puits-768x432.jpg 768w, https:\/\/www.ar-men29.fr\/wp-content\/uploads\/2024\/11\/Le-puits-1536x864.jpg 1536w, https:\/\/www.ar-men29.fr\/wp-content\/uploads\/2024\/11\/Le-puits-2048x1152.jpg 2048w, https:\/\/www.ar-men29.fr\/wp-content\/uploads\/2024\/11\/Le-puits-800x450.jpg 800w\" sizes=\"auto, (max-width: 1024px) 100vw, 1024px\" \/><\/figure>\n\n\n\n<p>L&rsquo;or\u00e9e du petit bois de papa est accessible sans se griffer les jambes. Les mauvaises herbes ont recouverts les ronces.<\/p>\n\n\n\n<figure class=\"wp-block-image size-large\"><img loading=\"lazy\" decoding=\"async\" width=\"1024\" height=\"576\" src=\"https:\/\/www.ar-men29.fr\/wp-content\/uploads\/2024\/11\/Le-petit-bois-de-papa-1024x576.jpg\" alt=\"\" class=\"wp-image-3073\" srcset=\"https:\/\/www.ar-men29.fr\/wp-content\/uploads\/2024\/11\/Le-petit-bois-de-papa-1024x576.jpg 1024w, https:\/\/www.ar-men29.fr\/wp-content\/uploads\/2024\/11\/Le-petit-bois-de-papa-300x169.jpg 300w, https:\/\/www.ar-men29.fr\/wp-content\/uploads\/2024\/11\/Le-petit-bois-de-papa-768x432.jpg 768w, https:\/\/www.ar-men29.fr\/wp-content\/uploads\/2024\/11\/Le-petit-bois-de-papa-1536x864.jpg 1536w, https:\/\/www.ar-men29.fr\/wp-content\/uploads\/2024\/11\/Le-petit-bois-de-papa-2048x1152.jpg 2048w, https:\/\/www.ar-men29.fr\/wp-content\/uploads\/2024\/11\/Le-petit-bois-de-papa-800x450.jpg 800w\" sizes=\"auto, (max-width: 1024px) 100vw, 1024px\" \/><\/figure>\n\n\n\n<p>Enfin le champs est fauch\u00e9 gr\u00e2ce \u00e0 Fabrice, un voisin. H\u00e9las le propri\u00e9taire des moutons qui paitraient a pris sa retraite. Il va falloir trouver une solution<\/p>\n\n\n\n<p>1.5 hectares de prairies \u00e0 entretenir.<\/p>\n\n\n\n<figure class=\"wp-block-image size-large\"><img loading=\"lazy\" decoding=\"async\" width=\"1024\" height=\"576\" src=\"https:\/\/www.ar-men29.fr\/wp-content\/uploads\/2024\/11\/Champs-fauches-1024x576.jpg\" alt=\"\" class=\"wp-image-3074\" srcset=\"https:\/\/www.ar-men29.fr\/wp-content\/uploads\/2024\/11\/Champs-fauches-1024x576.jpg 1024w, https:\/\/www.ar-men29.fr\/wp-content\/uploads\/2024\/11\/Champs-fauches-300x169.jpg 300w, https:\/\/www.ar-men29.fr\/wp-content\/uploads\/2024\/11\/Champs-fauches-768x432.jpg 768w, https:\/\/www.ar-men29.fr\/wp-content\/uploads\/2024\/11\/Champs-fauches-1536x864.jpg 1536w, https:\/\/www.ar-men29.fr\/wp-content\/uploads\/2024\/11\/Champs-fauches-2048x1152.jpg 2048w, https:\/\/www.ar-men29.fr\/wp-content\/uploads\/2024\/11\/Champs-fauches-800x450.jpg 800w\" sizes=\"auto, (max-width: 1024px) 100vw, 1024px\" \/><\/figure>\n\n\n\n<p>Un peu de couture avec la machine \u00e0 coudre de ma grand-m\u00e8re bretonne. <\/p>\n\n\n\n<figure class=\"wp-block-image size-large\"><img loading=\"lazy\" decoding=\"async\" width=\"959\" height=\"1024\" src=\"https:\/\/www.ar-men29.fr\/wp-content\/uploads\/2024\/11\/Couture-959x1024.jpg\" alt=\"\" class=\"wp-image-3075\" srcset=\"https:\/\/www.ar-men29.fr\/wp-content\/uploads\/2024\/11\/Couture-959x1024.jpg 959w, https:\/\/www.ar-men29.fr\/wp-content\/uploads\/2024\/11\/Couture-281x300.jpg 281w, https:\/\/www.ar-men29.fr\/wp-content\/uploads\/2024\/11\/Couture-768x820.jpg 768w, https:\/\/www.ar-men29.fr\/wp-content\/uploads\/2024\/11\/Couture-1438x1536.jpg 1438w, https:\/\/www.ar-men29.fr\/wp-content\/uploads\/2024\/11\/Couture-1917x2048.jpg 1917w, https:\/\/www.ar-men29.fr\/wp-content\/uploads\/2024\/11\/Couture.jpg 2022w\" sizes=\"auto, (max-width: 959px) 100vw, 959px\" \/><\/figure>\n\n\n\n<p>Elle est belle, toute cisel\u00e9e. Il faut juste savoir  p\u00e9daler et elle vous fait des points r\u00e9guliers.<\/p>\n\n\n\n<p>De bons moments pass\u00e9s avec maman, mon fr\u00e8re Philippe et Jean-Claude.<\/p>\n\n\n\n<p><\/p>\n","protected":false},"excerpt":{"rendered":"<p>C&rsquo;est ici que nous sommes terriens. Au vert apr\u00e8s tout ce bleu. Mon amie Laurence qui m&rsquo;appelle \u00ab\u00a0&lsquo;gratte motte\u00a0\u00bb c&rsquo;est donn\u00e9 apr\u00e8s deux ans d&rsquo;eau de mer le plaisir de gratter la terre. Le tour de tous les arbres ont \u00e9t\u00e9 d\u00e9sherber et pailler de copeaux que mon fr\u00e8re et Patrice ont taill\u00e9. Et mamie [&hellip;]<\/p>\n","protected":false},"author":1,"featured_media":0,"comment_status":"open","ping_status":"open","sticky":false,"template":"","format":"standard","meta":{"footnotes":""},"categories":[5],"tags":[],"class_list":["post-3067","post","type-post","status-publish","format-standard","hentry","category-carnet-de-bord","entry"],"_links":{"self":[{"href":"https:\/\/www.ar-men29.fr\/index.php\/wp-json\/wp\/v2\/posts\/3067","targetHints":{"allow":["GET"]}}],"collection":[{"href":"https:\/\/www.ar-men29.fr\/index.php\/wp-json\/wp\/v2\/posts"}],"about":[{"href":"https:\/\/www.ar-men29.fr\/index.php\/wp-json\/wp\/v2\/types\/post"}],"author":[{"embeddable":true,"href":"https:\/\/www.ar-men29.fr\/index.php\/wp-json\/wp\/v2\/users\/1"}],"replies":[{"embeddable":true,"href":"https:\/\/www.ar-men29.fr\/index.php\/wp-json\/wp\/v2\/comments?post=3067"}],"version-history":[{"count":3,"href":"https:\/\/www.ar-men29.fr\/index.php\/wp-json\/wp\/v2\/posts\/3067\/revisions"}],"predecessor-version":[{"id":3076,"href":"https:\/\/www.ar-men29.fr\/index.php\/wp-json\/wp\/v2\/posts\/3067\/revisions\/3076"}],"wp:attachment":[{"href":"https:\/\/www.ar-men29.fr\/index.php\/wp-json\/wp\/v2\/media?parent=3067"}],"wp:term":[{"taxonomy":"category","embeddable":true,"href":"https:\/\/www.ar-men29.fr\/index.php\/wp-json\/wp\/v2\/categories?post=3067"},{"taxonomy":"post_tag","embeddable":true,"href":"https:\/\/www.ar-men29.fr\/index.php\/wp-json\/wp\/v2\/tags?post=3067"}],"curies":[{"name":"wp","href":"https:\/\/api.w.org\/{rel}","templated":true}]}}