{"id":3088,"date":"2024-11-18T14:26:39","date_gmt":"2024-11-18T13:26:39","guid":{"rendered":"https:\/\/www.ar-men29.fr\/?p=3088"},"modified":"2024-12-18T10:48:57","modified_gmt":"2024-12-18T09:48:57","slug":"les-vaches-de-moulins","status":"publish","type":"post","link":"https:\/\/www.ar-men29.fr\/index.php\/2024\/11\/18\/les-vaches-de-moulins\/","title":{"rendered":"Les vaches de Moulins"},"content":{"rendered":"\n<p>A Moulins sur la rive gauche de l&rsquo;Allier l&rsquo;art de la rue nous surprend.<\/p>\n\n\n\n<figure class=\"wp-block-image size-large\"><img loading=\"lazy\" decoding=\"async\" width=\"1024\" height=\"576\" src=\"https:\/\/www.ar-men29.fr\/wp-content\/uploads\/2024\/11\/Les-vaches-Panneaux-1024x576.jpg\" alt=\"\" class=\"wp-image-3089\" srcset=\"https:\/\/www.ar-men29.fr\/wp-content\/uploads\/2024\/11\/Les-vaches-Panneaux-1024x576.jpg 1024w, https:\/\/www.ar-men29.fr\/wp-content\/uploads\/2024\/11\/Les-vaches-Panneaux-300x169.jpg 300w, https:\/\/www.ar-men29.fr\/wp-content\/uploads\/2024\/11\/Les-vaches-Panneaux-768x432.jpg 768w, https:\/\/www.ar-men29.fr\/wp-content\/uploads\/2024\/11\/Les-vaches-Panneaux-1536x864.jpg 1536w, https:\/\/www.ar-men29.fr\/wp-content\/uploads\/2024\/11\/Les-vaches-Panneaux-2048x1152.jpg 2048w, https:\/\/www.ar-men29.fr\/wp-content\/uploads\/2024\/11\/Les-vaches-Panneaux-800x450.jpg 800w\" sizes=\"auto, (max-width: 1024px) 100vw, 1024px\" \/><\/figure>\n\n\n\n<figure class=\"wp-block-image size-large\"><img loading=\"lazy\" decoding=\"async\" width=\"1024\" height=\"576\" src=\"https:\/\/www.ar-men29.fr\/wp-content\/uploads\/2024\/11\/Les-vaches-Moulins1-1024x576.jpg\" alt=\"\" class=\"wp-image-3090\" srcset=\"https:\/\/www.ar-men29.fr\/wp-content\/uploads\/2024\/11\/Les-vaches-Moulins1-1024x576.jpg 1024w, https:\/\/www.ar-men29.fr\/wp-content\/uploads\/2024\/11\/Les-vaches-Moulins1-300x169.jpg 300w, https:\/\/www.ar-men29.fr\/wp-content\/uploads\/2024\/11\/Les-vaches-Moulins1-768x432.jpg 768w, https:\/\/www.ar-men29.fr\/wp-content\/uploads\/2024\/11\/Les-vaches-Moulins1-1536x864.jpg 1536w, https:\/\/www.ar-men29.fr\/wp-content\/uploads\/2024\/11\/Les-vaches-Moulins1-2048x1152.jpg 2048w, https:\/\/www.ar-men29.fr\/wp-content\/uploads\/2024\/11\/Les-vaches-Moulins1-800x450.jpg 800w\" sizes=\"auto, (max-width: 1024px) 100vw, 1024px\" \/><\/figure>\n\n\n\n<p>18 vaches color\u00e9es grandeur nature en fibre de verre<\/p>\n\n\n\n<figure class=\"wp-block-image size-large\"><img loading=\"lazy\" decoding=\"async\" width=\"1024\" height=\"781\" src=\"https:\/\/www.ar-men29.fr\/wp-content\/uploads\/2024\/11\/Vache-monuments-1024x781.jpg\" alt=\"\" class=\"wp-image-3105\" srcset=\"https:\/\/www.ar-men29.fr\/wp-content\/uploads\/2024\/11\/Vache-monuments-1024x781.jpg 1024w, https:\/\/www.ar-men29.fr\/wp-content\/uploads\/2024\/11\/Vache-monuments-300x229.jpg 300w, https:\/\/www.ar-men29.fr\/wp-content\/uploads\/2024\/11\/Vache-monuments-768x585.jpg 768w, https:\/\/www.ar-men29.fr\/wp-content\/uploads\/2024\/11\/Vache-monuments-1536x1171.jpg 1536w, https:\/\/www.ar-men29.fr\/wp-content\/uploads\/2024\/11\/Vache-monuments-2048x1561.jpg 2048w\" sizes=\"auto, (max-width: 1024px) 100vw, 1024px\" \/><\/figure>\n\n\n\n<p>Des artistes ont peint et cr\u00e9\u00e9 leur propres \u0153uvres d&rsquo;art.<\/p>\n\n\n\n<figure class=\"wp-block-image size-large\"><img loading=\"lazy\" decoding=\"async\" width=\"1024\" height=\"576\" src=\"https:\/\/www.ar-men29.fr\/wp-content\/uploads\/2024\/11\/Deux-Vaches-1024x576.jpg\" alt=\"\" class=\"wp-image-3093\" srcset=\"https:\/\/www.ar-men29.fr\/wp-content\/uploads\/2024\/11\/Deux-Vaches-1024x576.jpg 1024w, https:\/\/www.ar-men29.fr\/wp-content\/uploads\/2024\/11\/Deux-Vaches-300x169.jpg 300w, https:\/\/www.ar-men29.fr\/wp-content\/uploads\/2024\/11\/Deux-Vaches-768x432.jpg 768w, https:\/\/www.ar-men29.fr\/wp-content\/uploads\/2024\/11\/Deux-Vaches-1536x864.jpg 1536w, https:\/\/www.ar-men29.fr\/wp-content\/uploads\/2024\/11\/Deux-Vaches-2048x1152.jpg 2048w, https:\/\/www.ar-men29.fr\/wp-content\/uploads\/2024\/11\/Deux-Vaches-800x450.jpg 800w\" sizes=\"auto, (max-width: 1024px) 100vw, 1024px\" \/><\/figure>\n\n\n\n<figure class=\"wp-block-image size-large\"><img loading=\"lazy\" decoding=\"async\" width=\"1024\" height=\"619\" src=\"https:\/\/www.ar-men29.fr\/wp-content\/uploads\/2024\/11\/Vache-fabrique-de-lait-1024x619.jpg\" alt=\"\" class=\"wp-image-3094\" srcset=\"https:\/\/www.ar-men29.fr\/wp-content\/uploads\/2024\/11\/Vache-fabrique-de-lait-1024x619.jpg 1024w, https:\/\/www.ar-men29.fr\/wp-content\/uploads\/2024\/11\/Vache-fabrique-de-lait-300x181.jpg 300w, https:\/\/www.ar-men29.fr\/wp-content\/uploads\/2024\/11\/Vache-fabrique-de-lait-768x464.jpg 768w, https:\/\/www.ar-men29.fr\/wp-content\/uploads\/2024\/11\/Vache-fabrique-de-lait-1536x929.jpg 1536w, https:\/\/www.ar-men29.fr\/wp-content\/uploads\/2024\/11\/Vache-fabrique-de-lait-2048x1238.jpg 2048w\" sizes=\"auto, (max-width: 1024px) 100vw, 1024px\" \/><\/figure>\n\n\n\n<figure class=\"wp-block-image size-large\"><img loading=\"lazy\" decoding=\"async\" width=\"1024\" height=\"576\" src=\"https:\/\/www.ar-men29.fr\/wp-content\/uploads\/2024\/11\/Vache-Carte-1024x576.jpg\" alt=\"\" class=\"wp-image-3095\" srcset=\"https:\/\/www.ar-men29.fr\/wp-content\/uploads\/2024\/11\/Vache-Carte-1024x576.jpg 1024w, https:\/\/www.ar-men29.fr\/wp-content\/uploads\/2024\/11\/Vache-Carte-300x169.jpg 300w, https:\/\/www.ar-men29.fr\/wp-content\/uploads\/2024\/11\/Vache-Carte-768x432.jpg 768w, https:\/\/www.ar-men29.fr\/wp-content\/uploads\/2024\/11\/Vache-Carte-1536x864.jpg 1536w, https:\/\/www.ar-men29.fr\/wp-content\/uploads\/2024\/11\/Vache-Carte-2048x1152.jpg 2048w, https:\/\/www.ar-men29.fr\/wp-content\/uploads\/2024\/11\/Vache-Carte-800x450.jpg 800w\" sizes=\"auto, (max-width: 1024px) 100vw, 1024px\" \/><\/figure>\n\n\n\n<figure class=\"wp-block-image size-large\"><img loading=\"lazy\" decoding=\"async\" width=\"1024\" height=\"576\" src=\"https:\/\/www.ar-men29.fr\/wp-content\/uploads\/2024\/11\/Vache-graffitis-1024x576.jpg\" alt=\"\" class=\"wp-image-3096\" srcset=\"https:\/\/www.ar-men29.fr\/wp-content\/uploads\/2024\/11\/Vache-graffitis-1024x576.jpg 1024w, https:\/\/www.ar-men29.fr\/wp-content\/uploads\/2024\/11\/Vache-graffitis-300x169.jpg 300w, https:\/\/www.ar-men29.fr\/wp-content\/uploads\/2024\/11\/Vache-graffitis-768x432.jpg 768w, https:\/\/www.ar-men29.fr\/wp-content\/uploads\/2024\/11\/Vache-graffitis-1536x864.jpg 1536w, https:\/\/www.ar-men29.fr\/wp-content\/uploads\/2024\/11\/Vache-graffitis-2048x1152.jpg 2048w, https:\/\/www.ar-men29.fr\/wp-content\/uploads\/2024\/11\/Vache-graffitis-800x450.jpg 800w\" sizes=\"auto, (max-width: 1024px) 100vw, 1024px\" \/><\/figure>\n\n\n\n<figure class=\"wp-block-image size-large\"><img loading=\"lazy\" decoding=\"async\" width=\"1024\" height=\"715\" src=\"https:\/\/www.ar-men29.fr\/wp-content\/uploads\/2024\/11\/Oh-la-vache-1024x715.jpg\" alt=\"\" class=\"wp-image-3101\" srcset=\"https:\/\/www.ar-men29.fr\/wp-content\/uploads\/2024\/11\/Oh-la-vache-1024x715.jpg 1024w, https:\/\/www.ar-men29.fr\/wp-content\/uploads\/2024\/11\/Oh-la-vache-300x209.jpg 300w, https:\/\/www.ar-men29.fr\/wp-content\/uploads\/2024\/11\/Oh-la-vache-768x536.jpg 768w, https:\/\/www.ar-men29.fr\/wp-content\/uploads\/2024\/11\/Oh-la-vache-1536x1072.jpg 1536w, https:\/\/www.ar-men29.fr\/wp-content\/uploads\/2024\/11\/Oh-la-vache-2048x1430.jpg 2048w\" sizes=\"auto, (max-width: 1024px) 100vw, 1024px\" \/><\/figure>\n\n\n\n<figure class=\"wp-block-image size-large\"><img loading=\"lazy\" decoding=\"async\" width=\"1024\" height=\"768\" src=\"https:\/\/www.ar-men29.fr\/wp-content\/uploads\/2024\/11\/IMG_20240821_193303_8-1024x768.jpg\" alt=\"\" class=\"wp-image-3102\" srcset=\"https:\/\/www.ar-men29.fr\/wp-content\/uploads\/2024\/11\/IMG_20240821_193303_8-1024x768.jpg 1024w, https:\/\/www.ar-men29.fr\/wp-content\/uploads\/2024\/11\/IMG_20240821_193303_8-300x225.jpg 300w, https:\/\/www.ar-men29.fr\/wp-content\/uploads\/2024\/11\/IMG_20240821_193303_8-768x576.jpg 768w, https:\/\/www.ar-men29.fr\/wp-content\/uploads\/2024\/11\/IMG_20240821_193303_8-1536x1152.jpg 1536w, https:\/\/www.ar-men29.fr\/wp-content\/uploads\/2024\/11\/IMG_20240821_193303_8-2048x1536.jpg 2048w\" sizes=\"auto, (max-width: 1024px) 100vw, 1024px\" \/><\/figure>\n\n\n\n<p>Mais o\u00f9 se trouve la vache Milka ?<\/p>\n\n\n\n<figure class=\"wp-block-image size-full\"><img loading=\"lazy\" decoding=\"async\" width=\"744\" height=\"822\" src=\"https:\/\/www.ar-men29.fr\/wp-content\/uploads\/2024\/11\/Vache-Pattes-rayees.jpg\" alt=\"\" class=\"wp-image-3097\" srcset=\"https:\/\/www.ar-men29.fr\/wp-content\/uploads\/2024\/11\/Vache-Pattes-rayees.jpg 744w, https:\/\/www.ar-men29.fr\/wp-content\/uploads\/2024\/11\/Vache-Pattes-rayees-272x300.jpg 272w\" sizes=\"auto, (max-width: 744px) 100vw, 744px\" \/><\/figure>\n\n\n\n<figure class=\"wp-block-image size-large\"><img loading=\"lazy\" decoding=\"async\" width=\"1024\" height=\"607\" src=\"https:\/\/www.ar-men29.fr\/wp-content\/uploads\/2024\/11\/Vache-visages-1024x607.jpg\" alt=\"\" class=\"wp-image-3098\" srcset=\"https:\/\/www.ar-men29.fr\/wp-content\/uploads\/2024\/11\/Vache-visages-1024x607.jpg 1024w, https:\/\/www.ar-men29.fr\/wp-content\/uploads\/2024\/11\/Vache-visages-300x178.jpg 300w, https:\/\/www.ar-men29.fr\/wp-content\/uploads\/2024\/11\/Vache-visages-768x455.jpg 768w, https:\/\/www.ar-men29.fr\/wp-content\/uploads\/2024\/11\/Vache-visages-1536x910.jpg 1536w, https:\/\/www.ar-men29.fr\/wp-content\/uploads\/2024\/11\/Vache-visages-2048x1213.jpg 2048w\" sizes=\"auto, (max-width: 1024px) 100vw, 1024px\" \/><\/figure>\n\n\n\n<p>Vache de la fa\u00efencerie de Moulins<\/p>\n\n\n\n<figure class=\"wp-block-image size-large\"><img loading=\"lazy\" decoding=\"async\" width=\"505\" height=\"1024\" src=\"https:\/\/www.ar-men29.fr\/wp-content\/uploads\/2024\/11\/Vache-fleurs-broute-505x1024.jpg\" alt=\"\" class=\"wp-image-3099\" srcset=\"https:\/\/www.ar-men29.fr\/wp-content\/uploads\/2024\/11\/Vache-fleurs-broute-505x1024.jpg 505w, https:\/\/www.ar-men29.fr\/wp-content\/uploads\/2024\/11\/Vache-fleurs-broute-148x300.jpg 148w, https:\/\/www.ar-men29.fr\/wp-content\/uploads\/2024\/11\/Vache-fleurs-broute-768x1558.jpg 768w, https:\/\/www.ar-men29.fr\/wp-content\/uploads\/2024\/11\/Vache-fleurs-broute-757x1536.jpg 757w, https:\/\/www.ar-men29.fr\/wp-content\/uploads\/2024\/11\/Vache-fleurs-broute-1010x2048.jpg 1010w, https:\/\/www.ar-men29.fr\/wp-content\/uploads\/2024\/11\/Vache-fleurs-broute.jpg 1019w\" sizes=\"auto, (max-width: 505px) 100vw, 505px\" \/><\/figure>\n\n\n\n<figure class=\"wp-block-image size-large\"><img loading=\"lazy\" decoding=\"async\" width=\"1024\" height=\"713\" src=\"https:\/\/www.ar-men29.fr\/wp-content\/uploads\/2024\/11\/Vache-fleurs2-1024x713.jpg\" alt=\"\" class=\"wp-image-3100\" srcset=\"https:\/\/www.ar-men29.fr\/wp-content\/uploads\/2024\/11\/Vache-fleurs2-1024x713.jpg 1024w, https:\/\/www.ar-men29.fr\/wp-content\/uploads\/2024\/11\/Vache-fleurs2-300x209.jpg 300w, https:\/\/www.ar-men29.fr\/wp-content\/uploads\/2024\/11\/Vache-fleurs2-768x535.jpg 768w, https:\/\/www.ar-men29.fr\/wp-content\/uploads\/2024\/11\/Vache-fleurs2-1536x1069.jpg 1536w, https:\/\/www.ar-men29.fr\/wp-content\/uploads\/2024\/11\/Vache-fleurs2-2048x1426.jpg 2048w\" sizes=\"auto, (max-width: 1024px) 100vw, 1024px\" \/><\/figure>\n\n\n\n<figure class=\"wp-block-image size-large\"><img loading=\"lazy\" decoding=\"async\" width=\"1024\" height=\"768\" src=\"https:\/\/www.ar-men29.fr\/wp-content\/uploads\/2024\/11\/IMG_20240821_193324_8-1024x768.jpg\" alt=\"\" class=\"wp-image-3103\" srcset=\"https:\/\/www.ar-men29.fr\/wp-content\/uploads\/2024\/11\/IMG_20240821_193324_8-1024x768.jpg 1024w, https:\/\/www.ar-men29.fr\/wp-content\/uploads\/2024\/11\/IMG_20240821_193324_8-300x225.jpg 300w, https:\/\/www.ar-men29.fr\/wp-content\/uploads\/2024\/11\/IMG_20240821_193324_8-768x576.jpg 768w, https:\/\/www.ar-men29.fr\/wp-content\/uploads\/2024\/11\/IMG_20240821_193324_8-1536x1152.jpg 1536w, https:\/\/www.ar-men29.fr\/wp-content\/uploads\/2024\/11\/IMG_20240821_193324_8-2048x1536.jpg 2048w\" sizes=\"auto, (max-width: 1024px) 100vw, 1024px\" \/><\/figure>\n\n\n\n<figure class=\"wp-block-image size-large\"><img loading=\"lazy\" decoding=\"async\" width=\"1024\" height=\"860\" src=\"https:\/\/www.ar-men29.fr\/wp-content\/uploads\/2024\/11\/IMG_20240821_193250_4-1-1024x860.jpg\" alt=\"\" class=\"wp-image-3104\" srcset=\"https:\/\/www.ar-men29.fr\/wp-content\/uploads\/2024\/11\/IMG_20240821_193250_4-1-1024x860.jpg 1024w, https:\/\/www.ar-men29.fr\/wp-content\/uploads\/2024\/11\/IMG_20240821_193250_4-1-300x252.jpg 300w, https:\/\/www.ar-men29.fr\/wp-content\/uploads\/2024\/11\/IMG_20240821_193250_4-1-768x645.jpg 768w, https:\/\/www.ar-men29.fr\/wp-content\/uploads\/2024\/11\/IMG_20240821_193250_4-1-1536x1290.jpg 1536w, https:\/\/www.ar-men29.fr\/wp-content\/uploads\/2024\/11\/IMG_20240821_193250_4-1-2048x1720.jpg 2048w\" sizes=\"auto, (max-width: 1024px) 100vw, 1024px\" \/><\/figure>\n\n\n\n<figure class=\"wp-block-image size-large\"><img loading=\"lazy\" decoding=\"async\" width=\"1024\" height=\"965\" src=\"https:\/\/www.ar-men29.fr\/wp-content\/uploads\/2024\/11\/vache-grosses-rayures-1024x965.jpg\" alt=\"\" class=\"wp-image-3106\" srcset=\"https:\/\/www.ar-men29.fr\/wp-content\/uploads\/2024\/11\/vache-grosses-rayures-1024x965.jpg 1024w, https:\/\/www.ar-men29.fr\/wp-content\/uploads\/2024\/11\/vache-grosses-rayures-300x283.jpg 300w, https:\/\/www.ar-men29.fr\/wp-content\/uploads\/2024\/11\/vache-grosses-rayures-768x723.jpg 768w, https:\/\/www.ar-men29.fr\/wp-content\/uploads\/2024\/11\/vache-grosses-rayures-1536x1447.jpg 1536w, https:\/\/www.ar-men29.fr\/wp-content\/uploads\/2024\/11\/vache-grosses-rayures.jpg 1881w\" sizes=\"auto, (max-width: 1024px) 100vw, 1024px\" \/><\/figure>\n\n\n\n<figure class=\"wp-block-image size-large\"><img loading=\"lazy\" decoding=\"async\" width=\"1024\" height=\"768\" src=\"https:\/\/www.ar-men29.fr\/wp-content\/uploads\/2024\/11\/IMG_20240821_193231_5-1024x768.jpg\" alt=\"\" class=\"wp-image-3107\" srcset=\"https:\/\/www.ar-men29.fr\/wp-content\/uploads\/2024\/11\/IMG_20240821_193231_5-1024x768.jpg 1024w, https:\/\/www.ar-men29.fr\/wp-content\/uploads\/2024\/11\/IMG_20240821_193231_5-300x225.jpg 300w, https:\/\/www.ar-men29.fr\/wp-content\/uploads\/2024\/11\/IMG_20240821_193231_5-768x576.jpg 768w, https:\/\/www.ar-men29.fr\/wp-content\/uploads\/2024\/11\/IMG_20240821_193231_5-1536x1152.jpg 1536w, https:\/\/www.ar-men29.fr\/wp-content\/uploads\/2024\/11\/IMG_20240821_193231_5-2048x1536.jpg 2048w\" sizes=\"auto, (max-width: 1024px) 100vw, 1024px\" \/><\/figure>\n\n\n\n<p>La vache Milka n&rsquo;est pas expos\u00e9e \u00e0 Moulins !<\/p>\n\n\n\n<p>Voir aussi la vid\u00e9o.<\/p>\n\n\n\n<figure class=\"wp-block-embed is-type-video is-provider-youtube wp-block-embed-youtube wp-embed-aspect-16-9 wp-has-aspect-ratio\"><div class=\"wp-block-embed__wrapper\">\n<p class=\"responsive-video-wrap clr\"><iframe loading=\"lazy\" title=\"Th\u00e8me1 : La vie de Terrien de l&#039;\u00e9quipage d&#039;Ar-Men : Les vaches color\u00e9es de Moulin Aout  2024\" width=\"1200\" height=\"675\" src=\"https:\/\/www.youtube.com\/embed\/sah6kX31adA?feature=oembed\" frameborder=\"0\" allow=\"accelerometer; autoplay; clipboard-write; encrypted-media; gyroscope; picture-in-picture; web-share\" referrerpolicy=\"strict-origin-when-cross-origin\" allowfullscreen><\/iframe><\/p>\n<\/div><\/figure>\n","protected":false},"excerpt":{"rendered":"<p>A Moulins sur la rive gauche de l&rsquo;Allier l&rsquo;art de la rue nous surprend. 18 vaches color\u00e9es grandeur nature en fibre de verre Des artistes ont peint et cr\u00e9\u00e9 leur propres \u0153uvres d&rsquo;art. Mais o\u00f9 se trouve la vache Milka ? Vache de la fa\u00efencerie de Moulins La vache Milka n&rsquo;est pas expos\u00e9e \u00e0 Moulins [&hellip;]<\/p>\n","protected":false},"author":1,"featured_media":0,"comment_status":"open","ping_status":"open","sticky":false,"template":"","format":"standard","meta":{"footnotes":""},"categories":[12],"tags":[],"class_list":["post-3088","post","type-post","status-publish","format-standard","hentry","category-photos","entry"],"_links":{"self":[{"href":"https:\/\/www.ar-men29.fr\/index.php\/wp-json\/wp\/v2\/posts\/3088","targetHints":{"allow":["GET"]}}],"collection":[{"href":"https:\/\/www.ar-men29.fr\/index.php\/wp-json\/wp\/v2\/posts"}],"about":[{"href":"https:\/\/www.ar-men29.fr\/index.php\/wp-json\/wp\/v2\/types\/post"}],"author":[{"embeddable":true,"href":"https:\/\/www.ar-men29.fr\/index.php\/wp-json\/wp\/v2\/users\/1"}],"replies":[{"embeddable":true,"href":"https:\/\/www.ar-men29.fr\/index.php\/wp-json\/wp\/v2\/comments?post=3088"}],"version-history":[{"count":4,"href":"https:\/\/www.ar-men29.fr\/index.php\/wp-json\/wp\/v2\/posts\/3088\/revisions"}],"predecessor-version":[{"id":3150,"href":"https:\/\/www.ar-men29.fr\/index.php\/wp-json\/wp\/v2\/posts\/3088\/revisions\/3150"}],"wp:attachment":[{"href":"https:\/\/www.ar-men29.fr\/index.php\/wp-json\/wp\/v2\/media?parent=3088"}],"wp:term":[{"taxonomy":"category","embeddable":true,"href":"https:\/\/www.ar-men29.fr\/index.php\/wp-json\/wp\/v2\/categories?post=3088"},{"taxonomy":"post_tag","embeddable":true,"href":"https:\/\/www.ar-men29.fr\/index.php\/wp-json\/wp\/v2\/tags?post=3088"}],"curies":[{"name":"wp","href":"https:\/\/api.w.org\/{rel}","templated":true}]}}